{"id":37158,"date":"2025-11-14T15:05:50","date_gmt":"2025-11-14T18:05:50","guid":{"rendered":"https:\/\/sabuguinho.com.br\/site\/?p=37158"},"modified":"2025-11-14T15:05:50","modified_gmt":"2025-11-14T18:05:50","slug":"secretaria-anuncia-horarios-extras-de-onibus-durante-a-55a-emapa","status":"publish","type":"post","link":"https:\/\/sabuguinho.com.br\/site\/secretaria-anuncia-horarios-extras-de-onibus-durante-a-55a-emapa\/","title":{"rendered":"Secretaria anuncia hor\u00e1rios extras de \u00f4nibus durante a 55\u00aa EMAPA"},"content":{"rendered":"<p>Aberta ao p\u00fablico, tradicional feira acontece de 5 a 14 de dezembro, no recinto de exposi\u00e7\u00f5es<\/p>\n<p>Por: REDA\u00c7\u00c3O | SECOM.<br \/>\n:<br \/>\nSecretaria anuncia hor\u00e1rios extras de \u00f4nibus durante a 55\u00aa EMAPACr\u00e9ditos pela imagem: Ilustrativa<br \/>\nA Secretaria Municipal de Transportes e Mobilidade Urbana comunica os hor\u00e1rios extras de \u00f4nibus que ser\u00e3o implementados durante a 55\u00aa Exposi\u00e7\u00e3o Municipal Agropecu\u00e1ria de Avar\u00e9 (EMAPA).<br \/>\nAberta ao p\u00fablico, a edi\u00e7\u00e3o acontece de 5 a 14 de dezembro no Recinto de Exposi\u00e7\u00f5es Fernando Cruz Pimentel.<br \/>\nO planejamento inclui linhas espec\u00edficas para o Camping Municipal e a Barra Grande, al\u00e9m de itiner\u00e1rios ligando bairros urbanos ao terminal rodovi\u00e1rio.<br \/>\nAs linhas e os hor\u00e1rios est\u00e3o dispon\u00edveis no site www.avare.sp.gov.br. Basta navegar at\u00e9 a \u00e1rea \u201cAcesso R\u00e1pido\u201d, na parte inferior da p\u00e1gina eletr\u00f4nica, e clicar no bot\u00e3o \u201cEMAPA: Hor\u00e1rios de \u00d4nibus\u201d.<\/p>\n<p>Ou clique no link https:\/\/is.gd\/2UCjh1<\/p>\n<p>A festa<\/p>\n<p>Um dos eventos agropecu\u00e1rios mais tradicionais do interior paulista, a 55\u00aa EMAPA \u00e9 aberta ao p\u00fablico.<br \/>\nA realiza\u00e7\u00e3o \u00e9 da Prefeitura da Est\u00e2ncia Tur\u00edstica de Avar\u00e9. Com ampla estrutura, a festa vai oferecer op\u00e7\u00f5es para toda a fam\u00edlia, al\u00e9m de grandes shows com artistas de diversos g\u00eaneros musicais.<\/p>\n","protected":false},"excerpt":{"rendered":"<p>Aberta ao p\u00fablico, tradicional feira acontece de 5 a 14 de dezembro, no recinto de exposi\u00e7\u00f5es Por: REDA\u00c7\u00c3O | SECOM. : Secretaria anuncia hor\u00e1rios extras de \u00f4nibus durante a 55\u00aa EMAPACr\u00e9ditos pela imagem: Ilustrativa A Secretaria Municipal de Transportes e Mobilidade Urbana comunica os hor\u00e1rios extras de \u00f4nibus que ser\u00e3o implementados durante a 55\u00aa Exposi\u00e7\u00e3o [&hellip;]<\/p>\n","protected":false},"author":2,"featured_media":37159,"comment_status":"open","ping_status":"open","sticky":false,"template":"","format":"standard","meta":{"footnotes":""},"categories":[121],"tags":[],"_links":{"self":[{"href":"https:\/\/sabuguinho.com.br\/site\/wp-json\/wp\/v2\/posts\/37158"}],"collection":[{"href":"https:\/\/sabuguinho.com.br\/site\/wp-json\/wp\/v2\/posts"}],"about":[{"href":"https:\/\/sabuguinho.com.br\/site\/wp-json\/wp\/v2\/types\/post"}],"author":[{"embeddable":true,"href":"https:\/\/sabuguinho.com.br\/site\/wp-json\/wp\/v2\/users\/2"}],"replies":[{"embeddable":true,"href":"https:\/\/sabuguinho.com.br\/site\/wp-json\/wp\/v2\/comments?post=37158"}],"version-history":[{"count":1,"href":"https:\/\/sabuguinho.com.br\/site\/wp-json\/wp\/v2\/posts\/37158\/revisions"}],"predecessor-version":[{"id":37160,"href":"https:\/\/sabuguinho.com.br\/site\/wp-json\/wp\/v2\/posts\/37158\/revisions\/37160"}],"wp:featuredmedia":[{"embeddable":true,"href":"https:\/\/sabuguinho.com.br\/site\/wp-json\/wp\/v2\/media\/37159"}],"wp:attachment":[{"href":"https:\/\/sabuguinho.com.br\/site\/wp-json\/wp\/v2\/media?parent=37158"}],"wp:term":[{"taxonomy":"category","embeddable":true,"href":"https:\/\/sabuguinho.com.br\/site\/wp-json\/wp\/v2\/categories?post=37158"},{"taxonomy":"post_tag","embeddable":true,"href":"https:\/\/sabuguinho.com.br\/site\/wp-json\/wp\/v2\/tags?post=37158"}],"curies":[{"name":"wp","href":"https:\/\/api.w.org\/{rel}","templated":true}]}}