{"id":37149,"date":"2025-11-14T13:55:30","date_gmt":"2025-11-14T16:55:30","guid":{"rendered":"https:\/\/sabuguinho.com.br\/site\/?p=37149"},"modified":"2025-11-14T13:55:30","modified_gmt":"2025-11-14T16:55:30","slug":"gestao-gestora-estadual-visita-obras-no-poupatempo-de-avare-predio-se-prepara-para-receber-departamentos-municipais-da-antiga-casa-do-cidadao","status":"publish","type":"post","link":"https:\/\/sabuguinho.com.br\/site\/gestao-gestora-estadual-visita-obras-no-poupatempo-de-avare-predio-se-prepara-para-receber-departamentos-municipais-da-antiga-casa-do-cidadao\/","title":{"rendered":"GEST\u00c3O &#8211; Gestora estadual visita obras no Poupatempo de Avar\u00e9  &#8211; Pr\u00e9dio se prepara para receber departamentos municipais da antiga Casa do Cidad\u00e3o"},"content":{"rendered":"<p>Avar\u00e9 recebeu na quinta-feira, 13, a visita de Simone Pangrazi, chefe de n\u00facleo da Secretaria de Desenvolvimento Econ\u00f4mico do Estado de S\u00e3o Paulo, respons\u00e1vel pelos Postos de Atendimento ao Trabalhador (PAT).<br \/>\nA representante do governo estadual esteve no munic\u00edpio para vistoriar o Poupatempo e as obras que ocorrem na unidade.<br \/>\nEm breve, o pr\u00e9dio vai concentrar tamb\u00e9m os departamentos da antiga Casa do Cidad\u00e3o. Com isso, servi\u00e7os de utilidade p\u00fablica oferecidos por \u00f3rg\u00e3os municipais estar\u00e3o dispon\u00edveis em um \u00fanico lugar, facilitando a vida do cidad\u00e3o avareense.<br \/>\nPangrazi foi recepcionada pelo secret\u00e1rio Jos\u00e9 Ricardo de Oliveira, o Ricardinho, titular da Secretaria Municipal de Ind\u00fastria e Com\u00e9rcio.<br \/>\n\u201cA gestora elogiou o local e parabenizou a decis\u00e3o do Governo Roberto Araujo de unir todos os servi\u00e7os em um s\u00f3 lugar\u201d, afirmou o secret\u00e1rio.<br \/>\nO chefe do PAT, Jos\u00e9 Possid\u00f4nio da Silva J\u00fanior, e a servidora Concei\u00e7\u00e3o Aparecida da Mota tamb\u00e9m acompanharam a gestora estadual durante a visita ao pr\u00e9dio do Poupatempo.<\/p>\n","protected":false},"excerpt":{"rendered":"<p>Avar\u00e9 recebeu na quinta-feira, 13, a visita de Simone Pangrazi, chefe de n\u00facleo da Secretaria de Desenvolvimento Econ\u00f4mico do Estado de S\u00e3o Paulo, respons\u00e1vel pelos Postos de Atendimento ao Trabalhador (PAT). A representante do governo estadual esteve no munic\u00edpio para vistoriar o Poupatempo e as obras que ocorrem na unidade. Em breve, o pr\u00e9dio vai [&hellip;]<\/p>\n","protected":false},"author":2,"featured_media":37150,"comment_status":"open","ping_status":"open","sticky":false,"template":"","format":"standard","meta":{"footnotes":""},"categories":[58],"tags":[],"_links":{"self":[{"href":"https:\/\/sabuguinho.com.br\/site\/wp-json\/wp\/v2\/posts\/37149"}],"collection":[{"href":"https:\/\/sabuguinho.com.br\/site\/wp-json\/wp\/v2\/posts"}],"about":[{"href":"https:\/\/sabuguinho.com.br\/site\/wp-json\/wp\/v2\/types\/post"}],"author":[{"embeddable":true,"href":"https:\/\/sabuguinho.com.br\/site\/wp-json\/wp\/v2\/users\/2"}],"replies":[{"embeddable":true,"href":"https:\/\/sabuguinho.com.br\/site\/wp-json\/wp\/v2\/comments?post=37149"}],"version-history":[{"count":1,"href":"https:\/\/sabuguinho.com.br\/site\/wp-json\/wp\/v2\/posts\/37149\/revisions"}],"predecessor-version":[{"id":37151,"href":"https:\/\/sabuguinho.com.br\/site\/wp-json\/wp\/v2\/posts\/37149\/revisions\/37151"}],"wp:featuredmedia":[{"embeddable":true,"href":"https:\/\/sabuguinho.com.br\/site\/wp-json\/wp\/v2\/media\/37150"}],"wp:attachment":[{"href":"https:\/\/sabuguinho.com.br\/site\/wp-json\/wp\/v2\/media?parent=37149"}],"wp:term":[{"taxonomy":"category","embeddable":true,"href":"https:\/\/sabuguinho.com.br\/site\/wp-json\/wp\/v2\/categories?post=37149"},{"taxonomy":"post_tag","embeddable":true,"href":"https:\/\/sabuguinho.com.br\/site\/wp-json\/wp\/v2\/tags?post=37149"}],"curies":[{"name":"wp","href":"https:\/\/api.w.org\/{rel}","templated":true}]}}