{"id":37131,"date":"2025-11-13T22:31:52","date_gmt":"2025-11-14T01:31:52","guid":{"rendered":"https:\/\/sabuguinho.com.br\/site\/?p=37131"},"modified":"2025-11-13T22:31:52","modified_gmt":"2025-11-14T01:31:52","slug":"audiencia-publica-alerta-para-aumento-de-afogamentos-e-discute-seguranca-na-orla-da-represa-em-avare","status":"publish","type":"post","link":"https:\/\/sabuguinho.com.br\/site\/audiencia-publica-alerta-para-aumento-de-afogamentos-e-discute-seguranca-na-orla-da-represa-em-avare\/","title":{"rendered":"AUDI\u00caNCIA P\u00daBLICA ALERTA PARA AUMENTO DE AFOGAMENTOS E DISCUTE SEGURAN\u00c7A NA ORLA DA REPRESA EM AVAR\u00c9"},"content":{"rendered":"<p>Em uma audi\u00eancia p\u00fablica realizada na ter\u00e7a-feira (11) na C\u00e2mara Municipal de Avar\u00e9, autoridades e especialistas em seguran\u00e7a aqu\u00e1tica alertaram para o aumento preocupante de afogamentos na Represa Jurumirim e discutiram medidas para refor\u00e7ar a prote\u00e7\u00e3o de banhistas na Orla do Camping Municipal e Costa Azul. O evento, proposto pelo vereador Moacir Lima, reuniu representantes do Corpo de Bombeiros, Marinha, Guarda Civil Municipal (GCM), escoteiros e administra\u00e7\u00e3o municipal.<br \/>\nO Tenente Lyrio, do Corpo de Bombeiros, apresentou n\u00fameros que ilustram a gravidade da situa\u00e7\u00e3o: somente em Avar\u00e9, a corpora\u00e7\u00e3o registrou 150 ocorr\u00eancias em 30 dias, entre resgates e atendimentos pr\u00e9-hospitalares. Considerando os outros quatro munic\u00edpios da regi\u00e3o atendidos pelo mesmo quartel, a m\u00e9dia mensal sobe para 300 ocorr\u00eancias.<br \/>\nOs dados de afogamentos mostram uma tend\u00eancia preocupante: 5 casos em 2022, 2 em 2023, 4 em 2024 e, em 2025, mesmo antes do ver\u00e3o, j\u00e1 foram registrados 6 afogamentos. \u201cTemos uma camionete e equipe especializada em salvamento aqu\u00e1tico, mas o efetivo \u00e9 pequeno. S\u00e3o 27 bombeiros para cobrir plant\u00f5es 24 horas durante todo o m\u00eas\u201d, explicou Lyrio, que se disse respons\u00e1vel por cada vida perdida nas \u00e1guas de Avar\u00e9.<br \/>\nO bombeiro da reserva Jairo alertou sobre os perigos ocultos da represa: \u201cQuem nunca mergulhou ali n\u00e3o imagina: o p\u00eder chega a ter 120 metros de comprimento e a profundidade pode ultrapassar 40 metros entre as pilastras da ponte\u201d. Um v\u00eddeo exibido durante a audi\u00eancia mostrou bombeiros em treinamento descendo a quase 40 metros de profundidade, destacando os riscos reais do local.<br \/>\nJana\u00edna Soares, respons\u00e1vel pelo Camping Municipal, refor\u00e7ou que o p\u00eder n\u00e3o \u00e9 trampolim e revelou que a \u00faltima v\u00edtima de afogamento havia sido orientada a n\u00e3o pular no local pelos guardas civis de vigil\u00e2ncia. \u201cMesmo com placas de proibi\u00e7\u00e3o, muitos insistem. \u00c9 essencial que a popula\u00e7\u00e3o respeite as regras de seguran\u00e7a\u201d, alertou.<\/p>\n<p>MEDIDAS \u2013 O secret\u00e1rio Jorge Carvalheira anunciou que, com a implanta\u00e7\u00e3o da Guarda Civil Municipal, est\u00e1 nos planos para os pr\u00f3ximos anos a cria\u00e7\u00e3o de uma Patrulha Aqu\u00e1tica para apoiar as a\u00e7\u00f5es dos bombeiros e orientar banhistas nas \u00e1reas mais cr\u00edticas.<br \/>\nApesar de n\u00e3o comparecer por estar em agenda institucional em Bras\u00edlia, o prefeito Roberto Araujo (PL) j\u00e1 havia anunciado medidas preventivas, incluindo plant\u00f5es de dois bombeiros aos s\u00e1bados e domingos no local, al\u00e9m da assinatura do conv\u00eanio da Atividade Delegada em parceria com o Governo do Estado de S\u00e3o Paulo.<br \/>\nO movimento escoteiro, representado por Neves, colocou-se \u00e0 disposi\u00e7\u00e3o para a\u00e7\u00f5es volunt\u00e1rias de conscientiza\u00e7\u00e3o, enquanto o Capit\u00e3o Logan, da Marinha, refor\u00e7ou a import\u00e2ncia da conscientiza\u00e7\u00e3o de condutores e banhistas.<br \/>\nPara o vereador Moacir Lima, idealizador da audi\u00eancia, \u201ca conscientiza\u00e7\u00e3o dos banhistas \u00e9 o ponto fundamental\u201d. O debate terminou com o compromisso de todas as entidades em continuar trabalhando de forma integrada, com campanhas educativas, melhorias estruturais e a\u00e7\u00f5es conjuntas voltadas \u00e0 seguran\u00e7a da popula\u00e7\u00e3o e turistas.<\/p>\n<p><img loading=\"lazy\" decoding=\"async\" src=\"https:\/\/sabuguinho.com.br\/site\/wp-content\/uploads\/2025\/11\/Vereador-Moacir-Lima-idealizador-da-audiencia-publica-150x115.jpg\" alt=\"\" width=\"150\" height=\"115\" class=\"alignnone size-medium wp-image-37134\" srcset=\"https:\/\/sabuguinho.com.br\/site\/wp-content\/uploads\/2025\/11\/Vereador-Moacir-Lima-idealizador-da-audiencia-publica-150x115.jpg 150w, https:\/\/sabuguinho.com.br\/site\/wp-content\/uploads\/2025\/11\/Vereador-Moacir-Lima-idealizador-da-audiencia-publica-512x394.jpg 512w, https:\/\/sabuguinho.com.br\/site\/wp-content\/uploads\/2025\/11\/Vereador-Moacir-Lima-idealizador-da-audiencia-publica-768x591.jpg 768w, https:\/\/sabuguinho.com.br\/site\/wp-content\/uploads\/2025\/11\/Vereador-Moacir-Lima-idealizador-da-audiencia-publica-750x577.jpg 750w, https:\/\/sabuguinho.com.br\/site\/wp-content\/uploads\/2025\/11\/Vereador-Moacir-Lima-idealizador-da-audiencia-publica.jpg 1000w\" sizes=\"auto, (max-width: 150px) 100vw, 150px\" \/><\/p>\n","protected":false},"excerpt":{"rendered":"<p>Em uma audi\u00eancia p\u00fablica realizada na ter\u00e7a-feira (11) na C\u00e2mara Municipal de Avar\u00e9, autoridades e especialistas em seguran\u00e7a aqu\u00e1tica alertaram para o aumento preocupante de afogamentos na Represa Jurumirim e discutiram medidas para refor\u00e7ar a prote\u00e7\u00e3o de banhistas na Orla do Camping Municipal e Costa Azul. O evento, proposto pelo vereador Moacir Lima, reuniu representantes [&hellip;]<\/p>\n","protected":false},"author":2,"featured_media":37135,"comment_status":"open","ping_status":"open","sticky":false,"template":"","format":"standard","meta":{"footnotes":""},"categories":[58],"tags":[],"class_list":["post-37131","post","type-post","status-publish","format-standard","has-post-thumbnail","hentry","category-noticias-locais"],"_links":{"self":[{"href":"https:\/\/sabuguinho.com.br\/site\/wp-json\/wp\/v2\/posts\/37131","targetHints":{"allow":["GET"]}}],"collection":[{"href":"https:\/\/sabuguinho.com.br\/site\/wp-json\/wp\/v2\/posts"}],"about":[{"href":"https:\/\/sabuguinho.com.br\/site\/wp-json\/wp\/v2\/types\/post"}],"author":[{"embeddable":true,"href":"https:\/\/sabuguinho.com.br\/site\/wp-json\/wp\/v2\/users\/2"}],"replies":[{"embeddable":true,"href":"https:\/\/sabuguinho.com.br\/site\/wp-json\/wp\/v2\/comments?post=37131"}],"version-history":[{"count":1,"href":"https:\/\/sabuguinho.com.br\/site\/wp-json\/wp\/v2\/posts\/37131\/revisions"}],"predecessor-version":[{"id":37136,"href":"https:\/\/sabuguinho.com.br\/site\/wp-json\/wp\/v2\/posts\/37131\/revisions\/37136"}],"wp:featuredmedia":[{"embeddable":true,"href":"https:\/\/sabuguinho.com.br\/site\/wp-json\/wp\/v2\/media\/37135"}],"wp:attachment":[{"href":"https:\/\/sabuguinho.com.br\/site\/wp-json\/wp\/v2\/media?parent=37131"}],"wp:term":[{"taxonomy":"category","embeddable":true,"href":"https:\/\/sabuguinho.com.br\/site\/wp-json\/wp\/v2\/categories?post=37131"},{"taxonomy":"post_tag","embeddable":true,"href":"https:\/\/sabuguinho.com.br\/site\/wp-json\/wp\/v2\/tags?post=37131"}],"curies":[{"name":"wp","href":"https:\/\/api.w.org\/{rel}","templated":true}]}}