{"id":37089,"date":"2025-11-13T09:22:28","date_gmt":"2025-11-13T12:22:28","guid":{"rendered":"https:\/\/sabuguinho.com.br\/site\/?p=37089"},"modified":"2025-11-13T09:22:28","modified_gmt":"2025-11-13T12:22:28","slug":"cultura-balada-flashback-vai-agitar-concha-acustica-neste-domingo-16","status":"publish","type":"post","link":"https:\/\/sabuguinho.com.br\/site\/cultura-balada-flashback-vai-agitar-concha-acustica-neste-domingo-16\/","title":{"rendered":"CULTURA &#8211;  Balada flashback vai agitar Concha Ac\u00fastica neste domingo, 16"},"content":{"rendered":"<p>\u201cRebobina\u201d, evento aberto ao p\u00fablico que acontece das 15h \u00e0s 20h, celebra Dia Municipal do Flashback<\/p>\n<p>Uma viagem no tempo ao som de cl\u00e1ssicos que marcaram gera\u00e7\u00f5es. Essa \u00e9 a proposta do Rebobina: Dia Municipal do Flashback, que ser\u00e1 realizado neste domingo, 16, em Avar\u00e9.<br \/>\nA atra\u00e7\u00e3o aberta ao p\u00fablico acontece das 15h \u00e0s 20 horas, na Pra\u00e7a Romeu Bretas (Concha Ac\u00fastica).<br \/>\nO encontro promete reviver a magia das d\u00e9cadas passadas. \u201cVenha se divertir e relembrar os bons tempos com a gente\u201d, convida a organiza\u00e7\u00e3o.<br \/>\nAl\u00e9m dos ritmos retr\u00f4 que marcaram \u00e9poca, a programa\u00e7\u00e3o contar\u00e1 com DJs, colecionadores e apresenta\u00e7\u00f5es de dan\u00e7a.<br \/>\nO Rebobina \u00e9 promovido pela Galera do Passinho de Avar\u00e9, com apoio da Secretaria Municipal da Cultura.<\/p>\n","protected":false},"excerpt":{"rendered":"<p>\u201cRebobina\u201d, evento aberto ao p\u00fablico que acontece das 15h \u00e0s 20h, celebra Dia Municipal do Flashback Uma viagem no tempo ao som de cl\u00e1ssicos que marcaram gera\u00e7\u00f5es. Essa \u00e9 a proposta do Rebobina: Dia Municipal do Flashback, que ser\u00e1 realizado neste domingo, 16, em Avar\u00e9. A atra\u00e7\u00e3o aberta ao p\u00fablico acontece das 15h \u00e0s 20 [&hellip;]<\/p>\n","protected":false},"author":2,"featured_media":37090,"comment_status":"open","ping_status":"open","sticky":false,"template":"","format":"standard","meta":{"footnotes":""},"categories":[137],"tags":[],"_links":{"self":[{"href":"https:\/\/sabuguinho.com.br\/site\/wp-json\/wp\/v2\/posts\/37089"}],"collection":[{"href":"https:\/\/sabuguinho.com.br\/site\/wp-json\/wp\/v2\/posts"}],"about":[{"href":"https:\/\/sabuguinho.com.br\/site\/wp-json\/wp\/v2\/types\/post"}],"author":[{"embeddable":true,"href":"https:\/\/sabuguinho.com.br\/site\/wp-json\/wp\/v2\/users\/2"}],"replies":[{"embeddable":true,"href":"https:\/\/sabuguinho.com.br\/site\/wp-json\/wp\/v2\/comments?post=37089"}],"version-history":[{"count":1,"href":"https:\/\/sabuguinho.com.br\/site\/wp-json\/wp\/v2\/posts\/37089\/revisions"}],"predecessor-version":[{"id":37091,"href":"https:\/\/sabuguinho.com.br\/site\/wp-json\/wp\/v2\/posts\/37089\/revisions\/37091"}],"wp:featuredmedia":[{"embeddable":true,"href":"https:\/\/sabuguinho.com.br\/site\/wp-json\/wp\/v2\/media\/37090"}],"wp:attachment":[{"href":"https:\/\/sabuguinho.com.br\/site\/wp-json\/wp\/v2\/media?parent=37089"}],"wp:term":[{"taxonomy":"category","embeddable":true,"href":"https:\/\/sabuguinho.com.br\/site\/wp-json\/wp\/v2\/categories?post=37089"},{"taxonomy":"post_tag","embeddable":true,"href":"https:\/\/sabuguinho.com.br\/site\/wp-json\/wp\/v2\/tags?post=37089"}],"curies":[{"name":"wp","href":"https:\/\/api.w.org\/{rel}","templated":true}]}}