{"id":37070,"date":"2025-11-12T17:46:16","date_gmt":"2025-11-12T20:46:16","guid":{"rendered":"https:\/\/sabuguinho.com.br\/site\/?p=37070"},"modified":"2025-11-12T17:46:16","modified_gmt":"2025-11-12T20:46:16","slug":"mae-de-isabella-nardoni-faz-palestra-gratuita-sobre-enfrentamento-da-violencia-e-do-abuso-infantil-em-avare","status":"publish","type":"post","link":"https:\/\/sabuguinho.com.br\/site\/mae-de-isabella-nardoni-faz-palestra-gratuita-sobre-enfrentamento-da-violencia-e-do-abuso-infantil-em-avare\/","title":{"rendered":"M\u00c3E DE ISABELLA NARDONI FAZ PALESTRA GRATUITA SOBRE ENFRENTAMENTO DA VIOL\u00caNCIA E DO ABUSO INFANTIL EM AVAR\u00c9"},"content":{"rendered":"<p>Fonte: G1<\/p>\n<p>A m\u00e3e de Isabella Nardoni, Ana Carolina Oliveira, vereadora de S\u00e3o Paulo, vai realizar uma palestra gratuita sobre o enfrentamento da viol\u00eancia e do abuso infantil nesta quinta-feira (13), \u00e0s 19h, no plen\u00e1rio da C\u00e2mara Municipal de Avar\u00e9.<br \/>\nDe acordo com a assessoria, o objetivo \u00e9 discutir como identificar sinais de abuso, combater a viol\u00eancia e proteger as crian\u00e7as.<br \/>\nAna Carolina tamb\u00e9m vai compartilhar sua experi\u00eancia pessoal e trajet\u00f3ria de supera\u00e7\u00e3o, com uma mensagem de conscientiza\u00e7\u00e3o e mobiliza\u00e7\u00e3o para pais, m\u00e3es, educadores e demais participantes.<br \/>\nAna Carolina foi a 2\u00aa vereadora mais bem votada de SP em 2024 e se dedica a causas sociais e \u00e0 defesa das v\u00edtimas de viol\u00eancia, especialmente crian\u00e7as e mulheres.<\/p>\n<p>MORTE DE ISABELLA \u2013 O crime contra Isabella Nardoni, de cinco anos, aconteceu em 29 de mar\u00e7o de 2008, quando a menina foi esganada e jogada do apartamento onde o pai, Alexandre Nardoni, morava com a madrasta da menina, Anna Carolina Jatob\u00e1.<br \/>\nO pai e a madrasta foram presos acusados de jogar a menina pela janela do apartamento do pr\u00e9dio onde moravam, na zona norte de S\u00e3o Paulo. O caso ficou conhecido nacionalmente na \u00e9poca e \u00e9 lembrado at\u00e9 hoje pela brutalidade dos fatos.<\/p>\n","protected":false},"excerpt":{"rendered":"<p>Fonte: G1 A m\u00e3e de Isabella Nardoni, Ana Carolina Oliveira, vereadora de S\u00e3o Paulo, vai realizar uma palestra gratuita sobre o enfrentamento da viol\u00eancia e do abuso infantil nesta quinta-feira (13), \u00e0s 19h, no plen\u00e1rio da C\u00e2mara Municipal de Avar\u00e9. De acordo com a assessoria, o objetivo \u00e9 discutir como identificar sinais de abuso, combater [&hellip;]<\/p>\n","protected":false},"author":2,"featured_media":37073,"comment_status":"open","ping_status":"open","sticky":false,"template":"","format":"standard","meta":{"footnotes":""},"categories":[66],"tags":[],"_links":{"self":[{"href":"https:\/\/sabuguinho.com.br\/site\/wp-json\/wp\/v2\/posts\/37070"}],"collection":[{"href":"https:\/\/sabuguinho.com.br\/site\/wp-json\/wp\/v2\/posts"}],"about":[{"href":"https:\/\/sabuguinho.com.br\/site\/wp-json\/wp\/v2\/types\/post"}],"author":[{"embeddable":true,"href":"https:\/\/sabuguinho.com.br\/site\/wp-json\/wp\/v2\/users\/2"}],"replies":[{"embeddable":true,"href":"https:\/\/sabuguinho.com.br\/site\/wp-json\/wp\/v2\/comments?post=37070"}],"version-history":[{"count":1,"href":"https:\/\/sabuguinho.com.br\/site\/wp-json\/wp\/v2\/posts\/37070\/revisions"}],"predecessor-version":[{"id":37074,"href":"https:\/\/sabuguinho.com.br\/site\/wp-json\/wp\/v2\/posts\/37070\/revisions\/37074"}],"wp:featuredmedia":[{"embeddable":true,"href":"https:\/\/sabuguinho.com.br\/site\/wp-json\/wp\/v2\/media\/37073"}],"wp:attachment":[{"href":"https:\/\/sabuguinho.com.br\/site\/wp-json\/wp\/v2\/media?parent=37070"}],"wp:term":[{"taxonomy":"category","embeddable":true,"href":"https:\/\/sabuguinho.com.br\/site\/wp-json\/wp\/v2\/categories?post=37070"},{"taxonomy":"post_tag","embeddable":true,"href":"https:\/\/sabuguinho.com.br\/site\/wp-json\/wp\/v2\/tags?post=37070"}],"curies":[{"name":"wp","href":"https:\/\/api.w.org\/{rel}","templated":true}]}}