{"id":3695,"date":"2024-02-10T16:42:38","date_gmt":"2024-02-10T19:42:38","guid":{"rendered":"https:\/\/sabuguinho.com.br\/site\/?p=3695"},"modified":"2024-02-10T16:47:39","modified_gmt":"2024-02-10T19:47:39","slug":"gustavo-mioto-e-internado-e-cancela-shows-no-carnaval","status":"publish","type":"post","link":"https:\/\/sabuguinho.com.br\/site\/gustavo-mioto-e-internado-e-cancela-shows-no-carnaval\/","title":{"rendered":"Gustavo Mioto \u00e9 internado e cancela shows no carnaval"},"content":{"rendered":"<p>Em comunicado, sertanejo informou ter sido diagnosticado com forte infec\u00e7\u00e3o instestinal<\/p>\n<p>O cantor Gustavo Mioto informou atrav\u00e9s de suas redes sociais que foi internado com infec\u00e7\u00e3o intestinal e vai cancelar os shows que faria no carnaval. &#8220;Informamos que o cantor Gustavo Mioto foi diagnosticado com forte infec\u00e7\u00e3o intestinal de classe aguda e encontra-se internado para an\u00e1lise e observa\u00e7\u00e3o dos sintomas&#8221;, diz o comuinicado. &#8220;Por esse motivo, os shows que aconteceriam neste per\u00edodo de carnaval est\u00e3o cancelados<br \/>\nEx-namorado de Ana Castela, Mioto fez no ano passado sua &#8220;estreia&#8221; como ator, em uma participa\u00e7\u00e3o na novela &#8220;Terra e paix\u00e3o&#8221;, que foi ao ar no hor\u00e1rio das 21h antes do remake de &#8220;Renascer&#8221;. O sertanejo apareceu cantando num bar &#8220;Brincar de ser feliz&#8221;, cl\u00e1ssico de Chit\u00e3ozinho &#038; Xoror\u00f3.<br \/>\n\u2014 Foi muito massa participar, a galera me recebeu com um carinho que eu n\u00e3o esperava, cantaram tudo. Foi uma experi\u00eancia \u00fanica e espero que tenha sido a primeira de muitas \u2014 disse o sertanejo \u00e0 coluna Play<\/p>\n<p>Legenda<br \/>\nGustavo Mioto Foto: Well Ribeiro<\/p>\n<p><img loading=\"lazy\" decoding=\"async\" src=\"https:\/\/sabuguinho.com.br\/site\/wp-content\/uploads\/2024\/02\/Screenshot_20240210-1627092-125x150.png\" alt=\"\" width=\"125\" height=\"150\" class=\"alignnone size-medium wp-image-3699\" srcset=\"https:\/\/sabuguinho.com.br\/site\/wp-content\/uploads\/2024\/02\/Screenshot_20240210-1627092-125x150.png 125w, https:\/\/sabuguinho.com.br\/site\/wp-content\/uploads\/2024\/02\/Screenshot_20240210-1627092-425x512.png 425w, https:\/\/sabuguinho.com.br\/site\/wp-content\/uploads\/2024\/02\/Screenshot_20240210-1627092-768x924.png 768w, https:\/\/sabuguinho.com.br\/site\/wp-content\/uploads\/2024\/02\/Screenshot_20240210-1627092-750x903.png 750w, https:\/\/sabuguinho.com.br\/site\/wp-content\/uploads\/2024\/02\/Screenshot_20240210-1627092.png 1080w\" sizes=\"auto, (max-width: 125px) 100vw, 125px\" \/><\/p>\n","protected":false},"excerpt":{"rendered":"<p>Em comunicado, sertanejo informou ter sido diagnosticado com forte infec\u00e7\u00e3o instestinal O cantor Gustavo Mioto informou atrav\u00e9s de suas redes sociais que foi internado com infec\u00e7\u00e3o intestinal e vai cancelar os shows que faria no carnaval. &#8220;Informamos que o cantor Gustavo Mioto foi diagnosticado com forte infec\u00e7\u00e3o intestinal de classe aguda e encontra-se internado para [&hellip;]<\/p>\n","protected":false},"author":2,"featured_media":3696,"comment_status":"open","ping_status":"open","sticky":false,"template":"","format":"standard","meta":{"footnotes":""},"categories":[56],"tags":[],"class_list":["post-3695","post","type-post","status-publish","format-standard","has-post-thumbnail","hentry","category-social"],"_links":{"self":[{"href":"https:\/\/sabuguinho.com.br\/site\/wp-json\/wp\/v2\/posts\/3695","targetHints":{"allow":["GET"]}}],"collection":[{"href":"https:\/\/sabuguinho.com.br\/site\/wp-json\/wp\/v2\/posts"}],"about":[{"href":"https:\/\/sabuguinho.com.br\/site\/wp-json\/wp\/v2\/types\/post"}],"author":[{"embeddable":true,"href":"https:\/\/sabuguinho.com.br\/site\/wp-json\/wp\/v2\/users\/2"}],"replies":[{"embeddable":true,"href":"https:\/\/sabuguinho.com.br\/site\/wp-json\/wp\/v2\/comments?post=3695"}],"version-history":[{"count":3,"href":"https:\/\/sabuguinho.com.br\/site\/wp-json\/wp\/v2\/posts\/3695\/revisions"}],"predecessor-version":[{"id":3700,"href":"https:\/\/sabuguinho.com.br\/site\/wp-json\/wp\/v2\/posts\/3695\/revisions\/3700"}],"wp:featuredmedia":[{"embeddable":true,"href":"https:\/\/sabuguinho.com.br\/site\/wp-json\/wp\/v2\/media\/3696"}],"wp:attachment":[{"href":"https:\/\/sabuguinho.com.br\/site\/wp-json\/wp\/v2\/media?parent=3695"}],"wp:term":[{"taxonomy":"category","embeddable":true,"href":"https:\/\/sabuguinho.com.br\/site\/wp-json\/wp\/v2\/categories?post=3695"},{"taxonomy":"post_tag","embeddable":true,"href":"https:\/\/sabuguinho.com.br\/site\/wp-json\/wp\/v2\/tags?post=3695"}],"curies":[{"name":"wp","href":"https:\/\/api.w.org\/{rel}","templated":true}]}}