{"id":36640,"date":"2025-11-05T12:25:05","date_gmt":"2025-11-05T15:25:05","guid":{"rendered":"https:\/\/sabuguinho.com.br\/site\/?p=36640"},"modified":"2025-11-05T12:25:05","modified_gmt":"2025-11-05T15:25:05","slug":"operacao-divisa-prende-grupo-suspeito-de-homicidio-barbaro-em-tejupa","status":"publish","type":"post","link":"https:\/\/sabuguinho.com.br\/site\/operacao-divisa-prende-grupo-suspeito-de-homicidio-barbaro-em-tejupa\/","title":{"rendered":"\u201cOpera\u00e7\u00e3o Divisa\u201d prende grupo suspeito de homic\u00eddio b\u00e1rbaro em Tejup\u00e1"},"content":{"rendered":"<p>V\u00edtima foi executada a tiros e golpes de faca; investiga\u00e7\u00e3o indica crime premeditado e poss\u00edvel liga\u00e7\u00e3o com o tr\u00e1fico de drogas<\/p>\n<p>A Pol\u00edcia Civil prendeu tr\u00eas homens, com idades entre 25 e 47 anos, na manh\u00e3 desta quarta-feira (5\/11), durante a Opera\u00e7\u00e3o Divisa, deflagrada para esclarecer o homic\u00eddio de um homem de 34 anos, ocorrido em 1\u00ba de outubro, na zona rural de Tejup\u00e1. A a\u00e7\u00e3o foi coordenada pela Delegacia Seccional de Pol\u00edcia de Avar\u00e9, com execu\u00e7\u00e3o da Delegacia de Pol\u00edcia de Tejup\u00e1, e contou com o apoio de aproximadamente 40 policiais civis, entre equipes da DIG de Avar\u00e9 e de diversas unidades da regi\u00e3o.<br \/>\nA opera\u00e7\u00e3o tamb\u00e9m teve a colabora\u00e7\u00e3o das Guardas Civis Municipais de Itarar\u00e9 e Taquarituba, que contribu\u00edram de forma decisiva para o \u00eaxito da a\u00e7\u00e3o, refor\u00e7ando a integra\u00e7\u00e3o entre as for\u00e7as de seguran\u00e7a p\u00fablica da regi\u00e3o.<br \/>\nAs pris\u00f5es ocorreram na cidade de Taquarituba, ap\u00f3s mandados expedidos pela Justi\u00e7a da Comarca de Piraju, mediante representa\u00e7\u00e3o elaborada pela Delegacia de Pol\u00edcia de Tejup\u00e1. Al\u00e9m das pris\u00f5es tempor\u00e1rias, foram cumpridos mandados de busca e apreens\u00e3o em endere\u00e7os ligados aos suspeitos, com o objetivo de coletar elementos de prova e objetos de interesse pericial.<br \/>\nDurante o cumprimento das ordens judiciais, um dos procurados, que j\u00e1 possu\u00eda mandado de pris\u00e3o tempor\u00e1ria expedido, foi localizado na posse de drogas e de utens\u00edlios comumente relacionados \u00e0 prepara\u00e7\u00e3o de entorpecentes para venda. Considerando seus antecedentes criminais e den\u00fancias anteriores que indicavam seu envolvimento com o tr\u00e1fico de entorpecentes, o indiv\u00edduo foi autuado em flagrante delito por tr\u00e1fico de drogas.<br \/>\nO caso chamou aten\u00e7\u00e3o pela extrema viol\u00eancia. A v\u00edtima foi encontrada morta em uma estrada rural, com m\u00faltiplos ferimentos causados por disparos de arma de fogo e golpes de faca. Segundo laudo do Instituto M\u00e9dico Legal de Avar\u00e9, os disparos foram efetuados \u00e0 curta dist\u00e2ncia, indicando execu\u00e7\u00e3o deliberada.<br \/>\nAs investiga\u00e7\u00f5es apontaram que a v\u00edtima foi atra\u00edda de casa na noite do crime, sob o pretexto de realizar uma compra de drogas. Testemunhos e dados levantados pela Pol\u00edcia Civil indicam que o homic\u00eddio foi planejado com anteced\u00eancia e pode estar relacionado ao tr\u00e1fico de entorpecentes.<br \/>\nCom base nas dilig\u00eancias realizadas, os investigadores identificaram um autom\u00f3vel utilizado na a\u00e7\u00e3o criminosa. O carro foi visto nas imedia\u00e7\u00f5es da resid\u00eancia da v\u00edtima pouco antes do crime e seguiu em dire\u00e7\u00e3o \u00e0 zona rural de Tejup\u00e1, retornando a Taquarituba logo ap\u00f3s o homic\u00eddio. O ve\u00edculo havia sido locado em Avar\u00e9 e foi devolvido na manh\u00e3 seguinte com sinais de limpeza recente, o que levantou suspeitas de tentativa de eliminar vest\u00edgios.<br \/>\nA apura\u00e7\u00e3o revelou ainda que os suspeitos possuem antecedentes criminais e s\u00e3o investigados em outros procedimentos relacionados ao tr\u00e1fico de drogas. H\u00e1 fortes ind\u00edcios de que o homic\u00eddio tenha sido um ato de vingan\u00e7a, j\u00e1 que a v\u00edtima havia prestado depoimento contra um dos investigados em caso anterior de tr\u00e1fico, configurando poss\u00edvel retalia\u00e7\u00e3o criminosa.<br \/>\nDurante o cumprimento das ordens judiciais, os policiais apreenderam diversos aparelhos de telefonia celular, por\u00e7\u00f5es de crack e maconha, documentos e outros objetos de interesse da investiga\u00e7\u00e3o.<br \/>\nOs detidos foram conduzidos \u00e0 Central de Flagrantes de Taquarituba e permanecem \u00e0 disposi\u00e7\u00e3o da Justi\u00e7a. Eles passar\u00e3o por audi\u00eancia de cust\u00f3dia e, posteriormente, ser\u00e3o transferidos para uma unidade do sistema penitenci\u00e1rio. A Delegacia de Pol\u00edcia de Tejup\u00e1 prosseguir\u00e1 com as investiga\u00e7\u00f5es, buscando esclarecer a participa\u00e7\u00e3o individual de cada envolvido e a eventual conex\u00e3o do grupo com o tr\u00e1fico regional.<br \/>\nO Delegado Seccional de Pol\u00edcia de Avar\u00e9, Fabiano Ribeiro Ferreira da Silva, destacou o resultado da opera\u00e7\u00e3o: \u201cA Opera\u00e7\u00e3o Divisa \u00e9 um exemplo da integra\u00e7\u00e3o e da efici\u00eancia das nossas equipes. Foi resultado de um trabalho t\u00e9cnico, conduzido com responsabilidade e voltado \u00e0 prote\u00e7\u00e3o da sociedade\u201d, afirmou.<br \/>\nA Opera\u00e7\u00e3o Divisa recebeu esse nome em raz\u00e3o da proximidade geogr\u00e1fica entre Tejup\u00e1 e Taquarituba, locais de origem da v\u00edtima e dos investigados. A a\u00e7\u00e3o marca uma etapa decisiva na investiga\u00e7\u00e3o e demonstra o empenho da Pol\u00edcia Civil em garantir respostas r\u00e1pidas e efetivas diante de crimes graves.<\/p>\n","protected":false},"excerpt":{"rendered":"<p>V\u00edtima foi executada a tiros e golpes de faca; investiga\u00e7\u00e3o indica crime premeditado e poss\u00edvel liga\u00e7\u00e3o com o tr\u00e1fico de drogas A Pol\u00edcia Civil prendeu tr\u00eas homens, com idades entre 25 e 47 anos, na manh\u00e3 desta quarta-feira (5\/11), durante a Opera\u00e7\u00e3o Divisa, deflagrada para esclarecer o homic\u00eddio de um homem de 34 anos, ocorrido [&hellip;]<\/p>\n","protected":false},"author":2,"featured_media":36648,"comment_status":"open","ping_status":"open","sticky":false,"template":"","format":"standard","meta":{"footnotes":""},"categories":[86],"tags":[],"_links":{"self":[{"href":"https:\/\/sabuguinho.com.br\/site\/wp-json\/wp\/v2\/posts\/36640"}],"collection":[{"href":"https:\/\/sabuguinho.com.br\/site\/wp-json\/wp\/v2\/posts"}],"about":[{"href":"https:\/\/sabuguinho.com.br\/site\/wp-json\/wp\/v2\/types\/post"}],"author":[{"embeddable":true,"href":"https:\/\/sabuguinho.com.br\/site\/wp-json\/wp\/v2\/users\/2"}],"replies":[{"embeddable":true,"href":"https:\/\/sabuguinho.com.br\/site\/wp-json\/wp\/v2\/comments?post=36640"}],"version-history":[{"count":1,"href":"https:\/\/sabuguinho.com.br\/site\/wp-json\/wp\/v2\/posts\/36640\/revisions"}],"predecessor-version":[{"id":36649,"href":"https:\/\/sabuguinho.com.br\/site\/wp-json\/wp\/v2\/posts\/36640\/revisions\/36649"}],"wp:featuredmedia":[{"embeddable":true,"href":"https:\/\/sabuguinho.com.br\/site\/wp-json\/wp\/v2\/media\/36648"}],"wp:attachment":[{"href":"https:\/\/sabuguinho.com.br\/site\/wp-json\/wp\/v2\/media?parent=36640"}],"wp:term":[{"taxonomy":"category","embeddable":true,"href":"https:\/\/sabuguinho.com.br\/site\/wp-json\/wp\/v2\/categories?post=36640"},{"taxonomy":"post_tag","embeddable":true,"href":"https:\/\/sabuguinho.com.br\/site\/wp-json\/wp\/v2\/tags?post=36640"}],"curies":[{"name":"wp","href":"https:\/\/api.w.org\/{rel}","templated":true}]}}