{"id":3657,"date":"2024-02-09T22:03:43","date_gmt":"2024-02-10T01:03:43","guid":{"rendered":"https:\/\/sabuguinho.com.br\/site\/?p=3657"},"modified":"2024-02-09T22:03:43","modified_gmt":"2024-02-10T01:03:43","slug":"rei-momo-recebe-chave-da-cidade-e-abre-oficialmente-carnaval-no-rio","status":"publish","type":"post","link":"https:\/\/sabuguinho.com.br\/site\/rei-momo-recebe-chave-da-cidade-e-abre-oficialmente-carnaval-no-rio\/","title":{"rendered":"Rei Momo recebe chave da cidade e abre oficialmente carnaval no Rio"},"content":{"rendered":"<p>Prefeito Eduardo Paes estende &#8220;reinado&#8221; at\u00e9 o S\u00e1bado das Campe\u00e3s<\/p>\n<p>Com a cerim\u00f4nia de coroa\u00e7\u00e3o e de entrega da chave da cidade ao Rei Momo, Caio Cesar Dutra, o prefeito Eduardo Paes, abriu oficialmente nesta sexta-feira (9) o carnaval de 2024 no Rio de Janeiro. A Corte da Carnaval\u00e2ndia, com o rei e as rainhas, foi apresentada nos jardins do Pal\u00e1cio da Cidade, em Botafogo. O nome Corte da Carnaval\u00e2ndia foi dado pelo diretor art\u00edstico do desfile, Milton Cunha.<br \/>\nAcompanhado do ministro do Turismo, Celso Sabino, Eduardo Paes disse ao Rei Momo que, \u201cexcepcionalmente neste ano\u201d, vai permitir que ele devolva a chave da cidade apenas no S\u00e1bado das Campe\u00e3s (17), e n\u00e3o na Quarta-Feira de Cinzas,como de costume.<br \/>\n\u201cQue voc\u00ea fique no comando da cidade de hoje at\u00e9 o S\u00e1bado das Campe\u00e3s. Mas \u00e9 importante que os cariocas saibam: s\u00f3 vou estar de volta na segunda-feira, dia 19, quando o seu reinado acabar. Neste momento, eu e o ministro Celso Sabino passamos a chave da cidade ao Rei Momo.\u201d Caio Cesar Dutra, tamb\u00e9m conhecido por Kaio Mackenzie, est\u00e1 \u00e0 frente da ala de passistas da Caprichosos de Pilares. Ele declarou, ent\u00e3o, aberto oficialmente o carnaval 2024 na cidade do Rio de Janeiro.<\/p>\n<p>Reconhecimento<\/p>\n<p>A tradi\u00e7\u00e3o carnavalesca do Rio de Janeiro ganhou reconhecimento oficial. Em decreto publicado hoje em edi\u00e7\u00e3o extra do Di\u00e1rio Oficial, o munic\u00edpio estabelece que a entrega da chave da cidade ao Rei Momo e \u00e0 corte da folia \u00e9 o ato que d\u00e1 in\u00edcio ao carnaval carioca.<br \/>\nO ministro Celso Sabino lembrou que o Rio \u00e9 a cidade brasileira que mais recebe turistas no pa\u00eds. \u201cA expectativa \u00e9 que, este ano, tenhamos mais de 49 milh\u00f5es de foli\u00f5es aproveitando o carnaval em todo o Brasil, um n\u00famero cerca de 6,5% maior que o do que ano passado\u201d. Sabino desejou que o carnaval seja comemorado por todos com muita alegria e felicidade, mas tamb\u00e9m com responsabilidade.<br \/>\nO decreto municipal estabelece que, a partir de agora, a cerim\u00f4nia de entrega das chaves dever\u00e1 ocorrer anualmente, em car\u00e1ter oficial, na sexta-feira que precede o s\u00e1bado de carnaval.<\/p>\n<p>Coroa\u00e7\u00e3o<\/p>\n<p>Rio de Janeiro (RJ), 09\/02\/2024 &#8211; Em uma inusitada coroa\u00e7\u00e3o momesca, o prefeito Eduardo Paes consagra a Corte Real do Carnaval carioca e entrega as chaves da cidade \u00e0 nobreza do samba, no Pal\u00e1cio da Cidade, zona sul do Rio . Foto: T\u00e2nia R\u00eago\/Ag\u00eancia Brasil<br \/>\nDupla da perna de pau agita bandeira do G20 em desfile nos jardins do Pal\u00e1cio da Cidade &#8211; T\u00e2nia R\u00eago\/Ag\u00eancia Brasil<br \/>\nAntes de receber a chave da cidade, o Rei Momo foi coroado como monarca do carnaval carioca. Ele passa, agora, a presidir as festividades carnavalescas, participar de desfiles e de concursos de fantasia e deve ainda promover a alegria entre os foli\u00f5es. Na ocasi\u00e3o, foram coroadas tamb\u00e9m a Rainha do Carnaval, Gabriella Mendes, nutricionista de forma\u00e7\u00e3o e passista da Mocidade Independente de Padre Miguel; a primeira princesa, Bruna dos Santos, passista da Mangueira; e a segunda princesa, Ana Carolina de Souza, esteticista, estudante de psicologia e musa da Unidos de Bangu.<br \/>\nTia Surica, considerada a Rainha do Samba, desfilou em carro aberto pelos jardins do Pal\u00e1cio da Cidade, ap\u00f3s apresenta\u00e7\u00e3o de uma corte fict\u00edcia, fantasiada de reis, rainhas, nobres, ciganos, banda marcial, cangaceiros e boi-bumb\u00e1, entre outros personagens. Participaram tamb\u00e9m da cerim\u00f4nia a fam\u00edlia do Mestre Candonga, guardi\u00e3 oficial da chave da cidade; a dupla do Rio sobre perna de pau, Raul Faria Lima e Isa Xavier, que carregava a bandeira Rio, capital do G20; e a bateria da escola de samba Imperatriz Leopoldinense.<br \/>\n\u00c0 noite, \u00e0s 21h, o prefeito Eduardo Paes participar\u00e1 do primeiro dia de desfiles no Samb\u00f3dromo, quando oito escolas da S\u00e9rie Ouro estar\u00e3o na avenida.<\/p>\n<p><img loading=\"lazy\" decoding=\"async\" src=\"https:\/\/sabuguinho.com.br\/site\/wp-content\/uploads\/2024\/02\/trbr3661-150x100.webp\" alt=\"\" width=\"150\" height=\"100\" class=\"alignnone size-medium wp-image-3660\" srcset=\"https:\/\/sabuguinho.com.br\/site\/wp-content\/uploads\/2024\/02\/trbr3661-150x100.webp 150w, https:\/\/sabuguinho.com.br\/site\/wp-content\/uploads\/2024\/02\/trbr3661-512x342.webp 512w, https:\/\/sabuguinho.com.br\/site\/wp-content\/uploads\/2024\/02\/trbr3661-750x500.webp 750w, https:\/\/sabuguinho.com.br\/site\/wp-content\/uploads\/2024\/02\/trbr3661.webp 754w\" sizes=\"auto, (max-width: 150px) 100vw, 150px\" \/><\/p>\n<p>Foto<br \/>\nDupla da perna de pau agita bandeira do G20 em desfile nos jardins do Pal\u00e1cio da Cidade &#8211; T\u00e2nia R\u00eago\/Ag\u00eancia Brasi<\/p>\n","protected":false},"excerpt":{"rendered":"<p>Prefeito Eduardo Paes estende &#8220;reinado&#8221; at\u00e9 o S\u00e1bado das Campe\u00e3s Com a cerim\u00f4nia de coroa\u00e7\u00e3o e de entrega da chave da cidade ao Rei Momo, Caio Cesar Dutra, o prefeito Eduardo Paes, abriu oficialmente nesta sexta-feira (9) o carnaval de 2024 no Rio de Janeiro. A Corte da Carnaval\u00e2ndia, com o rei e as rainhas, [&hellip;]<\/p>\n","protected":false},"author":2,"featured_media":3661,"comment_status":"open","ping_status":"open","sticky":false,"template":"","format":"standard","meta":{"footnotes":""},"categories":[58,51,62],"tags":[],"class_list":["post-3657","post","type-post","status-publish","format-standard","has-post-thumbnail","hentry","category-noticias-locais","category-noticias-regionais","category-utilidade-publica"],"_links":{"self":[{"href":"https:\/\/sabuguinho.com.br\/site\/wp-json\/wp\/v2\/posts\/3657","targetHints":{"allow":["GET"]}}],"collection":[{"href":"https:\/\/sabuguinho.com.br\/site\/wp-json\/wp\/v2\/posts"}],"about":[{"href":"https:\/\/sabuguinho.com.br\/site\/wp-json\/wp\/v2\/types\/post"}],"author":[{"embeddable":true,"href":"https:\/\/sabuguinho.com.br\/site\/wp-json\/wp\/v2\/users\/2"}],"replies":[{"embeddable":true,"href":"https:\/\/sabuguinho.com.br\/site\/wp-json\/wp\/v2\/comments?post=3657"}],"version-history":[{"count":1,"href":"https:\/\/sabuguinho.com.br\/site\/wp-json\/wp\/v2\/posts\/3657\/revisions"}],"predecessor-version":[{"id":3662,"href":"https:\/\/sabuguinho.com.br\/site\/wp-json\/wp\/v2\/posts\/3657\/revisions\/3662"}],"wp:featuredmedia":[{"embeddable":true,"href":"https:\/\/sabuguinho.com.br\/site\/wp-json\/wp\/v2\/media\/3661"}],"wp:attachment":[{"href":"https:\/\/sabuguinho.com.br\/site\/wp-json\/wp\/v2\/media?parent=3657"}],"wp:term":[{"taxonomy":"category","embeddable":true,"href":"https:\/\/sabuguinho.com.br\/site\/wp-json\/wp\/v2\/categories?post=3657"},{"taxonomy":"post_tag","embeddable":true,"href":"https:\/\/sabuguinho.com.br\/site\/wp-json\/wp\/v2\/tags?post=3657"}],"curies":[{"name":"wp","href":"https:\/\/api.w.org\/{rel}","templated":true}]}}