{"id":36274,"date":"2025-10-30T12:28:27","date_gmt":"2025-10-30T15:28:27","guid":{"rendered":"https:\/\/sabuguinho.com.br\/site\/?p=36274"},"modified":"2025-10-30T12:28:27","modified_gmt":"2025-10-30T15:28:27","slug":"cultura-abre-pre-cadastro-para-cantores-na-noite-avareense-da-55a-emapa","status":"publish","type":"post","link":"https:\/\/sabuguinho.com.br\/site\/cultura-abre-pre-cadastro-para-cantores-na-noite-avareense-da-55a-emapa\/","title":{"rendered":"Cultura abre pr\u00e9-cadastro para cantores na noite avareense da 55\u00aa EMAPA"},"content":{"rendered":"<p>Artistas locais sobem ao palco na quarta-feira, 10 de dezembro; vagas s\u00e3o limitadas<\/p>\n<p>Por: REDA\u00c7\u00c3O | SECOM.<\/p>\n<p>A 55\u00aa Exposi\u00e7\u00e3o Municipal Agropecu\u00e1ria de Avar\u00e9 (EMAPA), que acontece de 5 a 14 de dezembro, traz uma inova\u00e7\u00e3o: uma noite com palco exclusivo para artistas de Avar\u00e9.<br \/>\nA proposta da Prefeitura da Est\u00e2ncia Tur\u00edstica de Avar\u00e9 \u00e9 prestigiar os cantores da cidade, que v\u00e3o subir ao palco na quarta-feira, 10 de dezembro.<br \/>\n\u201cInteressados devem fazer o pr\u00e9-cadastro\u201d, informa a Secretaria Municipal da Cultura. As vagas s\u00e3o limitadas.<br \/>\nO formul\u00e1rio est\u00e1 dispon\u00edvel no site www.avare.sp.gov.br.  Basta navegar at\u00e9 a \u00e1rea \u201cAcesso R\u00e1pido\u201d, na parte inferior da p\u00e1gina eletr\u00f4nica, e clicar no bot\u00e3o \u201cPr\u00e9-cadastro Cantores Avareenses\u201d.<\/p>\n<p>Ou basta clicar no link: https:\/\/is.gd\/NBbB2L <\/p>\n<p>O prazo vai at\u00e9 9 de novembro. \u00c9 necess\u00e1rio ter cadastro no Gmail e no Gov.br. Ap\u00f3s o preenchimento dos dados e a gera\u00e7\u00e3o do Termo de Compromisso, o usu\u00e1rio ter\u00e1 que assinar o PDF no Gov.br e, em seguida, anexar o documento no formul\u00e1rio.<\/p>\n<p>A festa<\/p>\n<p>Outro atrativo da 55\u00aa EMAPA \u00e9 a grade de shows, que traz grandes nomes do sertanejo e de outros estilos musicais, demonstrando o perfil inclusivo do evento popular.<br \/>\nLuan Santana, Ana Castela e Cezar &#038; Paulinho, bem como novos nomes da m\u00fasica, como Lorenah e Jiraya Uai, s\u00e3o atra\u00e7\u00e3o na festa.<br \/>\nA programa\u00e7\u00e3o inclui ainda pra\u00e7a de alimenta\u00e7\u00e3o, seguran\u00e7a, estacionamento, parque de divers\u00f5es, estandes com produtos ligados ao agro, exposi\u00e7\u00f5es e muito mais.<\/p>\n","protected":false},"excerpt":{"rendered":"<p>Artistas locais sobem ao palco na quarta-feira, 10 de dezembro; vagas s\u00e3o limitadas Por: REDA\u00c7\u00c3O | SECOM. A 55\u00aa Exposi\u00e7\u00e3o Municipal Agropecu\u00e1ria de Avar\u00e9 (EMAPA), que acontece de 5 a 14 de dezembro, traz uma inova\u00e7\u00e3o: uma noite com palco exclusivo para artistas de Avar\u00e9. A proposta da Prefeitura da Est\u00e2ncia Tur\u00edstica de Avar\u00e9 \u00e9 [&hellip;]<\/p>\n","protected":false},"author":2,"featured_media":36277,"comment_status":"open","ping_status":"open","sticky":false,"template":"","format":"standard","meta":{"footnotes":""},"categories":[121],"tags":[],"_links":{"self":[{"href":"https:\/\/sabuguinho.com.br\/site\/wp-json\/wp\/v2\/posts\/36274"}],"collection":[{"href":"https:\/\/sabuguinho.com.br\/site\/wp-json\/wp\/v2\/posts"}],"about":[{"href":"https:\/\/sabuguinho.com.br\/site\/wp-json\/wp\/v2\/types\/post"}],"author":[{"embeddable":true,"href":"https:\/\/sabuguinho.com.br\/site\/wp-json\/wp\/v2\/users\/2"}],"replies":[{"embeddable":true,"href":"https:\/\/sabuguinho.com.br\/site\/wp-json\/wp\/v2\/comments?post=36274"}],"version-history":[{"count":1,"href":"https:\/\/sabuguinho.com.br\/site\/wp-json\/wp\/v2\/posts\/36274\/revisions"}],"predecessor-version":[{"id":36278,"href":"https:\/\/sabuguinho.com.br\/site\/wp-json\/wp\/v2\/posts\/36274\/revisions\/36278"}],"wp:featuredmedia":[{"embeddable":true,"href":"https:\/\/sabuguinho.com.br\/site\/wp-json\/wp\/v2\/media\/36277"}],"wp:attachment":[{"href":"https:\/\/sabuguinho.com.br\/site\/wp-json\/wp\/v2\/media?parent=36274"}],"wp:term":[{"taxonomy":"category","embeddable":true,"href":"https:\/\/sabuguinho.com.br\/site\/wp-json\/wp\/v2\/categories?post=36274"},{"taxonomy":"post_tag","embeddable":true,"href":"https:\/\/sabuguinho.com.br\/site\/wp-json\/wp\/v2\/tags?post=36274"}],"curies":[{"name":"wp","href":"https:\/\/api.w.org\/{rel}","templated":true}]}}