{"id":36125,"date":"2025-10-27T19:14:36","date_gmt":"2025-10-27T22:14:36","guid":{"rendered":"https:\/\/sabuguinho.com.br\/site\/?p=36125"},"modified":"2025-10-27T19:14:40","modified_gmt":"2025-10-27T22:14:40","slug":"onibus-com-torcedores-do-flamengo-tomba-na-via-dutra","status":"publish","type":"post","link":"https:\/\/sabuguinho.com.br\/site\/onibus-com-torcedores-do-flamengo-tomba-na-via-dutra\/","title":{"rendered":"\u00d4nibus com torcedores do Flamengo tomba na Via Dutra"},"content":{"rendered":"<p>Acidente com grupo que seguia para a Argentina deixa 46 feridos<\/p>\n<p>Ag\u00eancia Brasil<\/p>\n<p>Um \u00f4nibus com torcedores do Flamengo, que seguiam para a Argentina para acompanharem o jogo entre o Rubro-Negro e o Racing (Argentina) v\u00e1lido pelas semifinais da Copa Libertadores, sofreu um acidente na tarde desta segunda-feira (27) na Via Dutra. Segundo informa\u00e7\u00f5es da concession\u00e1ria da rodovia, h\u00e1 46 feridos, quatro em estado grave.<br \/>\n\u201cO Centro de Controle Operacional da RioSP foi acionado nesta segunda-feira, \u00e0s 15h51 [hor\u00e1rio de Bras\u00edlia], para atender o tombamento de um \u00f4nibus no qil\u00f4metro 281 da Via Dutra, pista sentido S\u00e3o Paulo, no munic\u00edpio de Barra Mansa [RJ]. O Corpo de Bombeiros e as equipes de opera\u00e7\u00f5es e resgate da concession\u00e1ria est\u00e3o no local para orientar o tr\u00e1fego e prestar atendimento \u00e0s v\u00edtimas\u201d, informou a assessoria de imprensa da Motiva Rodovias em nota enviada \u00e0 Ag\u00eancia Brasil.<br \/>\nSegundo a empresa que administra a Dutra, \u201cforam registradas 46 v\u00edtimas, sendo 32 leves, 10 moderadas e quatro graves. A per\u00edcia est\u00e1 no local e o destombamento ser\u00e1 realizado pela equipe de opera\u00e7\u00f5es da concession\u00e1ria\u201d.<br \/>\nO Flamengo tamb\u00e9m se manifestou sobre o acidente com seus torcedores. \u201cO Flamengo tomou conhecimento do acidente que ocorreu com o \u00f4nibus de torcedores que seguiam para Buenos Aires e entrou em contato com o Prefeito de Barra Mansa, Luiz Furlani, que prontamente colocou \u00e0 disposi\u00e7\u00e3o o Hospital Municipal e a Santa Casa para atendimento aos acidentados. O clube tamb\u00e9m acionou o Comando Geral do Corpo de Bombeiros e est\u00e1 em contato direto com a Superintend\u00eancia da PRF Rio, acompanhando todas as provid\u00eancias no local\u201d, diz o Rubro-Negro em nota.<br \/>\nO Flamengo enfrenta o Racing na pr\u00f3xima quarta-feira (29), a partir das 21h30, no est\u00e1dio El Cilindro, em Avellaneda, no jogo de volta das semifinais da Copa Libertadores da Am\u00e9rica. No confronto de ida o Rubro-Negro triunfou por 1 a 0.<\/p>\n","protected":false},"excerpt":{"rendered":"<p>Acidente com grupo que seguia para a Argentina deixa 46 feridos Ag\u00eancia Brasil Um \u00f4nibus com torcedores do Flamengo, que seguiam para a Argentina para acompanharem o jogo entre o Rubro-Negro e o Racing (Argentina) v\u00e1lido pelas semifinais da Copa Libertadores, sofreu um acidente na tarde desta segunda-feira (27) na Via Dutra. Segundo informa\u00e7\u00f5es da [&hellip;]<\/p>\n","protected":false},"author":2,"featured_media":36127,"comment_status":"open","ping_status":"open","sticky":false,"template":"","format":"standard","meta":{"footnotes":""},"categories":[45],"tags":[],"_links":{"self":[{"href":"https:\/\/sabuguinho.com.br\/site\/wp-json\/wp\/v2\/posts\/36125"}],"collection":[{"href":"https:\/\/sabuguinho.com.br\/site\/wp-json\/wp\/v2\/posts"}],"about":[{"href":"https:\/\/sabuguinho.com.br\/site\/wp-json\/wp\/v2\/types\/post"}],"author":[{"embeddable":true,"href":"https:\/\/sabuguinho.com.br\/site\/wp-json\/wp\/v2\/users\/2"}],"replies":[{"embeddable":true,"href":"https:\/\/sabuguinho.com.br\/site\/wp-json\/wp\/v2\/comments?post=36125"}],"version-history":[{"count":1,"href":"https:\/\/sabuguinho.com.br\/site\/wp-json\/wp\/v2\/posts\/36125\/revisions"}],"predecessor-version":[{"id":36128,"href":"https:\/\/sabuguinho.com.br\/site\/wp-json\/wp\/v2\/posts\/36125\/revisions\/36128"}],"wp:featuredmedia":[{"embeddable":true,"href":"https:\/\/sabuguinho.com.br\/site\/wp-json\/wp\/v2\/media\/36127"}],"wp:attachment":[{"href":"https:\/\/sabuguinho.com.br\/site\/wp-json\/wp\/v2\/media?parent=36125"}],"wp:term":[{"taxonomy":"category","embeddable":true,"href":"https:\/\/sabuguinho.com.br\/site\/wp-json\/wp\/v2\/categories?post=36125"},{"taxonomy":"post_tag","embeddable":true,"href":"https:\/\/sabuguinho.com.br\/site\/wp-json\/wp\/v2\/tags?post=36125"}],"curies":[{"name":"wp","href":"https:\/\/api.w.org\/{rel}","templated":true}]}}