{"id":35991,"date":"2025-10-25T12:11:35","date_gmt":"2025-10-25T15:11:35","guid":{"rendered":"https:\/\/sabuguinho.com.br\/site\/?p=35991"},"modified":"2025-10-25T12:11:35","modified_gmt":"2025-10-25T15:11:35","slug":"avare-forca-tatica-prende-individuo-apreende-arma-furtada-municao-e-drogas","status":"publish","type":"post","link":"https:\/\/sabuguinho.com.br\/site\/avare-forca-tatica-prende-individuo-apreende-arma-furtada-municao-e-drogas\/","title":{"rendered":"AVAR\u00c9: FOR\u00c7A T\u00c1TICA PRENDE INDIV\u00cdDUO, APREENDE ARMA FURTADA, MUNI\u00c7\u00c3O E DROGAS"},"content":{"rendered":"<p>Comunica\u00e7\u00e3o Social 53\u00ba BPM\/I<\/p>\n<p>\u200bNessa sexta-feira (24), a For\u00e7a T\u00e1tica agiu ap\u00f3s den\u00fancia an\u00f4nima e realizou a pris\u00e3o de um indiv\u00edduo por tr\u00e1fico de drogas e posse irregular de arma de fogo.<br \/>\n\u200bEm patrulhamento pelo bairro Terras de S\u00e3o Jos\u00e9, as equipes localizaram o suspeito, que, ap\u00f3s ser abordado e entrevistado, confessou ter uma arma em casa.<br \/>\n\u200bNa resid\u00eancia, com autoriza\u00e7\u00e3o de familiares, foram apreendidos 01 rev\u00f3lver calibre 38 (que constava como produto de furto), \u200b48 cartuchos intactos,<br \/>\n\u200bmais de 1\/2 quilo de coca\u00edna (aproximadamente 0,626 kg) e 01 aparelho celular.<br \/>\n\u200bO detido e os materiais foram encaminhados \u00e0 delegacia, e a pris\u00e3o foi ratificada pela autoridade policial e segue \u00e0 disposi\u00e7\u00e3o da Justi\u00e7a.<br \/>\n\u200b<br \/>\nPol\u00edcia Militar, rumo aos 200 anos.<br \/>\nProtegendo vidas, garantindo a lei e promovendo a paz.<\/p>\n","protected":false},"excerpt":{"rendered":"<p>Comunica\u00e7\u00e3o Social 53\u00ba BPM\/I \u200bNessa sexta-feira (24), a For\u00e7a T\u00e1tica agiu ap\u00f3s den\u00fancia an\u00f4nima e realizou a pris\u00e3o de um indiv\u00edduo por tr\u00e1fico de drogas e posse irregular de arma de fogo. \u200bEm patrulhamento pelo bairro Terras de S\u00e3o Jos\u00e9, as equipes localizaram o suspeito, que, ap\u00f3s ser abordado e entrevistado, confessou ter uma arma [&hellip;]<\/p>\n","protected":false},"author":2,"featured_media":35993,"comment_status":"open","ping_status":"open","sticky":false,"template":"","format":"standard","meta":{"footnotes":""},"categories":[100],"tags":[],"_links":{"self":[{"href":"https:\/\/sabuguinho.com.br\/site\/wp-json\/wp\/v2\/posts\/35991"}],"collection":[{"href":"https:\/\/sabuguinho.com.br\/site\/wp-json\/wp\/v2\/posts"}],"about":[{"href":"https:\/\/sabuguinho.com.br\/site\/wp-json\/wp\/v2\/types\/post"}],"author":[{"embeddable":true,"href":"https:\/\/sabuguinho.com.br\/site\/wp-json\/wp\/v2\/users\/2"}],"replies":[{"embeddable":true,"href":"https:\/\/sabuguinho.com.br\/site\/wp-json\/wp\/v2\/comments?post=35991"}],"version-history":[{"count":1,"href":"https:\/\/sabuguinho.com.br\/site\/wp-json\/wp\/v2\/posts\/35991\/revisions"}],"predecessor-version":[{"id":35994,"href":"https:\/\/sabuguinho.com.br\/site\/wp-json\/wp\/v2\/posts\/35991\/revisions\/35994"}],"wp:featuredmedia":[{"embeddable":true,"href":"https:\/\/sabuguinho.com.br\/site\/wp-json\/wp\/v2\/media\/35993"}],"wp:attachment":[{"href":"https:\/\/sabuguinho.com.br\/site\/wp-json\/wp\/v2\/media?parent=35991"}],"wp:term":[{"taxonomy":"category","embeddable":true,"href":"https:\/\/sabuguinho.com.br\/site\/wp-json\/wp\/v2\/categories?post=35991"},{"taxonomy":"post_tag","embeddable":true,"href":"https:\/\/sabuguinho.com.br\/site\/wp-json\/wp\/v2\/tags?post=35991"}],"curies":[{"name":"wp","href":"https:\/\/api.w.org\/{rel}","templated":true}]}}