{"id":35973,"date":"2025-10-24T21:50:45","date_gmt":"2025-10-25T00:50:45","guid":{"rendered":"https:\/\/sabuguinho.com.br\/site\/?p=35973"},"modified":"2025-10-24T21:50:45","modified_gmt":"2025-10-25T00:50:45","slug":"denuncias-de-agressao-e-assedio-sexual-levam-ao-afastamento-de-funcionarios-em-abrigo-de-criancas-em-itai","status":"publish","type":"post","link":"https:\/\/sabuguinho.com.br\/site\/denuncias-de-agressao-e-assedio-sexual-levam-ao-afastamento-de-funcionarios-em-abrigo-de-criancas-em-itai\/","title":{"rendered":"DEN\u00daNCIAS DE AGRESS\u00c3O E ASS\u00c9DIO SEXUAL LEVAM AO AFASTAMENTO DE FUNCION\u00c1RIOS EM ABRIGO DE CRIAN\u00c7AS EM ITA\u00cd"},"content":{"rendered":"<p>Dois funcion\u00e1rios do Lar S\u00e3o Judas Tadeu, institui\u00e7\u00e3o que acolhe crian\u00e7as e adolescentes em situa\u00e7\u00e3o de risco na cidade de Ita\u00ed, foram afastados de suas fun\u00e7\u00f5es ap\u00f3s graves den\u00fancias de agress\u00e3o e ass\u00e9dio sexual contra os internos.<br \/>\nDe acordo com informa\u00e7\u00f5es da Pol\u00edcia Civil, os casos foram registrados na Delegacia de Ita\u00ed, que j\u00e1 iniciou as dilig\u00eancias necess\u00e1rias para ouvir todas as partes envolvidas e esclarecer os fatos. Devido \u00e0 natureza dos crimes e por envolver menores de idade, o inqu\u00e9rito corre sob sigilo.<br \/>\nAs den\u00fancias apontam para agress\u00f5es f\u00edsicas contra pelo menos dois internos, al\u00e9m de um caso de ass\u00e9dio sexual envolvendo outro adolescente acolhido.<br \/>\nA dire\u00e7\u00e3o do Lar S\u00e3o Judas Tadeu confirmou o afastamento dos funcion\u00e1rios. O educador foi desligado das atividades h\u00e1 cerca de 15 dias, e a coordenadora, h\u00e1 aproximadamente uma semana, assim que as acusa\u00e7\u00f5es vieram \u00e0 tona.<br \/>\nO abrigo informou que, al\u00e9m das medidas legais, instaurou uma sindic\u00e2ncia interna para apurar o ocorrido. Segundo a institui\u00e7\u00e3o, todas as crian\u00e7as, adolescentes e funcion\u00e1rios j\u00e1 foram ouvidos no \u00e2mbito desse processo. Um detalhe mencionado \u00e9 que a comiss\u00e3o respons\u00e1vel pela sindic\u00e2ncia conta com a participa\u00e7\u00e3o de uma integrante que \u00e9 a secret\u00e1ria municipal do Bem-Estar Social, embora o Lar reforce que n\u00e3o possui v\u00ednculo administrativo com a Prefeitura de Ita\u00ed.<br \/>\nEm nota oficial, o presidente volunt\u00e1rio da institui\u00e7\u00e3o, Roberto do Livramento Bueno, assegurou que o processo est\u00e1 sendo conduzido com a m\u00e1xima seriedade e sigilo. Ele afirmou que todas as medidas t\u00e9cnicas e administrativas foram tomadas de forma preventiva, e que as situa\u00e7\u00f5es foram prontamente levadas a todas as autoridades competentes.<br \/>\n\u201cO objetivo \u00e9 garantir o bem-estar, a seguran\u00e7a e a integridade das crian\u00e7as acolhidas na institui\u00e7\u00e3o\u201d, declarou Roberto Bueno na nota.<br \/>\nO Lar S\u00e3o Judas Tadeu atualmente presta assist\u00eancia a 20 crian\u00e7as e adolescentes, com idades que variam de 9 meses a 17 anos. Eles est\u00e3o no abrigo por diferentes motivos, como separa\u00e7\u00e3o judicial das fam\u00edlias, processo de ado\u00e7\u00e3o ou aguardando a reintegra\u00e7\u00e3o familiar. A comunidade aguarda os desdobramentos das investiga\u00e7\u00f5es para garantir a seguran\u00e7a e a prote\u00e7\u00e3o dos menores que dependem da institui\u00e7\u00e3o.<\/p>\n","protected":false},"excerpt":{"rendered":"<p>Dois funcion\u00e1rios do Lar S\u00e3o Judas Tadeu, institui\u00e7\u00e3o que acolhe crian\u00e7as e adolescentes em situa\u00e7\u00e3o de risco na cidade de Ita\u00ed, foram afastados de suas fun\u00e7\u00f5es ap\u00f3s graves den\u00fancias de agress\u00e3o e ass\u00e9dio sexual contra os internos. De acordo com informa\u00e7\u00f5es da Pol\u00edcia Civil, os casos foram registrados na Delegacia de Ita\u00ed, que j\u00e1 iniciou [&hellip;]<\/p>\n","protected":false},"author":2,"featured_media":35976,"comment_status":"open","ping_status":"open","sticky":false,"template":"","format":"standard","meta":{"footnotes":""},"categories":[169],"tags":[],"_links":{"self":[{"href":"https:\/\/sabuguinho.com.br\/site\/wp-json\/wp\/v2\/posts\/35973"}],"collection":[{"href":"https:\/\/sabuguinho.com.br\/site\/wp-json\/wp\/v2\/posts"}],"about":[{"href":"https:\/\/sabuguinho.com.br\/site\/wp-json\/wp\/v2\/types\/post"}],"author":[{"embeddable":true,"href":"https:\/\/sabuguinho.com.br\/site\/wp-json\/wp\/v2\/users\/2"}],"replies":[{"embeddable":true,"href":"https:\/\/sabuguinho.com.br\/site\/wp-json\/wp\/v2\/comments?post=35973"}],"version-history":[{"count":1,"href":"https:\/\/sabuguinho.com.br\/site\/wp-json\/wp\/v2\/posts\/35973\/revisions"}],"predecessor-version":[{"id":35977,"href":"https:\/\/sabuguinho.com.br\/site\/wp-json\/wp\/v2\/posts\/35973\/revisions\/35977"}],"wp:featuredmedia":[{"embeddable":true,"href":"https:\/\/sabuguinho.com.br\/site\/wp-json\/wp\/v2\/media\/35976"}],"wp:attachment":[{"href":"https:\/\/sabuguinho.com.br\/site\/wp-json\/wp\/v2\/media?parent=35973"}],"wp:term":[{"taxonomy":"category","embeddable":true,"href":"https:\/\/sabuguinho.com.br\/site\/wp-json\/wp\/v2\/categories?post=35973"},{"taxonomy":"post_tag","embeddable":true,"href":"https:\/\/sabuguinho.com.br\/site\/wp-json\/wp\/v2\/tags?post=35973"}],"curies":[{"name":"wp","href":"https:\/\/api.w.org\/{rel}","templated":true}]}}