{"id":35966,"date":"2025-10-24T20:54:51","date_gmt":"2025-10-24T23:54:51","guid":{"rendered":"https:\/\/sabuguinho.com.br\/site\/?p=35966"},"modified":"2025-10-24T20:54:51","modified_gmt":"2025-10-24T23:54:51","slug":"mec-permitira-uso-das-tres-ultimas-notas-do-enem-no-sisu-2026","status":"publish","type":"post","link":"https:\/\/sabuguinho.com.br\/site\/mec-permitira-uso-das-tres-ultimas-notas-do-enem-no-sisu-2026\/","title":{"rendered":"MEC permitir\u00e1 uso das tr\u00eas \u00faltimas notas do Enem no Sisu 2026"},"content":{"rendered":"<p>Medida \u00e9 in\u00e9dita e deve ampliar n\u00famero de inscritos<\/p>\n<p>Ag\u00eancia Brasil<\/p>\n<p>A edi\u00e7\u00e3o 2026 do Sistema de Sele\u00e7\u00e3o Unificada (Sisu) permitir\u00e1 o uso das notas das tr\u00eas \u00faltimas edi\u00e7\u00f5es do Exame Nacional do Ensino M\u00e9dio (Enem) &#8211; 2023, 2024 e 2025 &#8211; para a inscri\u00e7\u00e3o e classifica\u00e7\u00e3o dos candidatos. A novidade est\u00e1 prevista no Edital n\u00ba 22\/2025, publicado no Di\u00e1rio Oficial da Uni\u00e3o de 20 de outubro e dispon\u00edvel tamb\u00e9m na p\u00e1gina do Sisu.<br \/>\nPara fins de classifica\u00e7\u00e3o, o Minist\u00e9rio da Educa\u00e7\u00e3o (MEC) levar\u00e1 em conta a nota da edi\u00e7\u00e3o do Enem que apresentar a melhor m\u00e9dia ponderada, conforme a op\u00e7\u00e3o de curso, desde que o participante n\u00e3o tenha participado como treineiro &#8211; aqueles que se inscrevem na prova antes do 3 \u00ba ano do ensino m\u00e9dio.<br \/>\nA medida \u00e9 in\u00e9dita e foi inclu\u00edda no edital de ades\u00e3o das institui\u00e7\u00f5es de ensino superior ao Sisu 2026, que come\u00e7a na segunda-feira (27) e vai at\u00e9 28 de novembro, por meio da plataforma Sisu Gest\u00e3o.<br \/>\nPara preencher o termo de ades\u00e3o, as institui\u00e7\u00f5es precisam ter encerrado a ocupa\u00e7\u00e3o de vagas referentes \u00e0 \u00faltima edi\u00e7\u00e3o do processo seletivo da qual tenham participado. Durante o per\u00edodo de ades\u00e3o, a institui\u00e7\u00e3o poder\u00e1 reabrir o termo eventualmente assinado e alterar as condi\u00e7\u00f5es de participa\u00e7\u00e3o.<\/p>\n<p>>> Siga o canal da Ag\u00eancia Brasil no WhatsApp<\/p>\n<p>O que \u00e9 o Sisu?<\/p>\n<p>O Sistema de Sele\u00e7\u00e3o Unificada permite que os candidatos escolham e concorram gratuitamente, com uma \u00fanica inscri\u00e7\u00e3o, a vagas em diversas universidades p\u00fablicas, a partir dos resultados obtidos pelo estudante no Enem. O objetivo \u00e9 ampliar o acesso ao ensino superior.<br \/>\nDesde o ano passado, o Sisu passou a ser realizado em edi\u00e7\u00e3o \u00fanica. No processo seletivo \u00fanico anual, as institui\u00e7\u00f5es p\u00fablicas de ensino superior podem disponibilizar vagas para cursos de gradua\u00e7\u00e3o cujo in\u00edcio das aulas seja no primeiro ou segundo semestre do ano.<br \/>\nEm 2025, foram ofertadas 261.779 vagas para 6.851 cursos de gradua\u00e7\u00e3o em 124 institui\u00e7\u00f5es p\u00fablicas de ensino superior de todo o pa\u00eds. De acordo com o MEC, a edi\u00e7\u00e3o do Sisu de 2025 teve\u202f254,8 mil\u202fcandidatos\u202faprovados, sendo\u202f128 mil na ampla concorr\u00eancia,\u202f111 mil na modalidade de cotas\u202fe\u202f14 mil por meio\u202fde\u202fa\u00e7\u00f5es afirmativas das pr\u00f3prias\u202finstitui\u00e7\u00f5es de ensino superior.<\/p>\n","protected":false},"excerpt":{"rendered":"<p>Medida \u00e9 in\u00e9dita e deve ampliar n\u00famero de inscritos Ag\u00eancia Brasil A edi\u00e7\u00e3o 2026 do Sistema de Sele\u00e7\u00e3o Unificada (Sisu) permitir\u00e1 o uso das notas das tr\u00eas \u00faltimas edi\u00e7\u00f5es do Exame Nacional do Ensino M\u00e9dio (Enem) &#8211; 2023, 2024 e 2025 &#8211; para a inscri\u00e7\u00e3o e classifica\u00e7\u00e3o dos candidatos. A novidade est\u00e1 prevista no Edital [&hellip;]<\/p>\n","protected":false},"author":2,"featured_media":35968,"comment_status":"open","ping_status":"open","sticky":false,"template":"","format":"standard","meta":{"footnotes":""},"categories":[1],"tags":[],"_links":{"self":[{"href":"https:\/\/sabuguinho.com.br\/site\/wp-json\/wp\/v2\/posts\/35966"}],"collection":[{"href":"https:\/\/sabuguinho.com.br\/site\/wp-json\/wp\/v2\/posts"}],"about":[{"href":"https:\/\/sabuguinho.com.br\/site\/wp-json\/wp\/v2\/types\/post"}],"author":[{"embeddable":true,"href":"https:\/\/sabuguinho.com.br\/site\/wp-json\/wp\/v2\/users\/2"}],"replies":[{"embeddable":true,"href":"https:\/\/sabuguinho.com.br\/site\/wp-json\/wp\/v2\/comments?post=35966"}],"version-history":[{"count":1,"href":"https:\/\/sabuguinho.com.br\/site\/wp-json\/wp\/v2\/posts\/35966\/revisions"}],"predecessor-version":[{"id":35969,"href":"https:\/\/sabuguinho.com.br\/site\/wp-json\/wp\/v2\/posts\/35966\/revisions\/35969"}],"wp:featuredmedia":[{"embeddable":true,"href":"https:\/\/sabuguinho.com.br\/site\/wp-json\/wp\/v2\/media\/35968"}],"wp:attachment":[{"href":"https:\/\/sabuguinho.com.br\/site\/wp-json\/wp\/v2\/media?parent=35966"}],"wp:term":[{"taxonomy":"category","embeddable":true,"href":"https:\/\/sabuguinho.com.br\/site\/wp-json\/wp\/v2\/categories?post=35966"},{"taxonomy":"post_tag","embeddable":true,"href":"https:\/\/sabuguinho.com.br\/site\/wp-json\/wp\/v2\/tags?post=35966"}],"curies":[{"name":"wp","href":"https:\/\/api.w.org\/{rel}","templated":true}]}}