{"id":3593,"date":"2024-02-08T17:45:50","date_gmt":"2024-02-08T20:45:50","guid":{"rendered":"https:\/\/sabuguinho.com.br\/site\/?p=3593"},"modified":"2024-02-08T17:45:50","modified_gmt":"2024-02-08T20:45:50","slug":"evento-carnaval-2024-folia-em-avare-comeca-na-sexta-feira-9","status":"publish","type":"post","link":"https:\/\/sabuguinho.com.br\/site\/evento-carnaval-2024-folia-em-avare-comeca-na-sexta-feira-9\/","title":{"rendered":"EVENTO &#8211;  Carnaval 2024: folia em Avar\u00e9 come\u00e7a na sexta-feira, 9"},"content":{"rendered":"<p>Confira a programa\u00e7\u00e3o completa do Carnaval no Balne\u00e1rio Costa Azul e Largo S\u00e3o Jo\u00e3o<\/p>\n<p>O CarnaVer\u00e3o 2024 tem in\u00edcio na sexta-feira, 9, no Balne\u00e1rio Costa Azul. A partir de s\u00e1bado, 10, come\u00e7a mais uma op\u00e7\u00e3o de folia no Largo S\u00e3o Jo\u00e3o.<\/p>\n<p>A entrada \u00e9 gratuita em ambos os lugares. A estrutura especial montada para receber turistas e moradores vai contar com pra\u00e7a de alimenta\u00e7\u00e3o e seguran\u00e7a, al\u00e9m de muita divers\u00e3o.<\/p>\n<p>A realiza\u00e7\u00e3o \u00e9 da Prefeitura da Est\u00e2ncia Tur\u00edstica de Avar\u00e9, por meio das secretarias municipais de Cultura, Turismo e Esportes e Lazer. Confira abaixo a programa\u00e7\u00e3o completa do Carnaval em Avar\u00e9.<\/p>\n<p>Balne\u00e1rio Costa Azul<\/p>\n<p>A Banda 5\u00aa Avenida vai animar o p\u00fablico no Balne\u00e1rio Costa Azul de 9 a 13 de fevereiro, com direito a duas matin\u00eas. Confira os dias e hor\u00e1rios:<\/p>\n<p>Sexta, 09: das 21h \u00e0 1 hora<\/p>\n<p>S\u00e1bado, 10: das 21h \u00e0 1 hora<br \/>\nDomingo, 11: das 14h \u00e0s 18 horas e das 21h \u00e0 1 hora<br \/>\nSegunda, 12: das 21h \u00e0 1 hora<\/p>\n<p>Ter\u00e7a, 13: das 14h \u00e0s 18 horas<\/p>\n<p>Largo S\u00e3o Jo\u00e3o<\/p>\n<p>J\u00e1 a divers\u00e3o no Largo S\u00e3o Jo\u00e3o ser\u00e1 comandada pelo cantor avareense Fl\u00e1vio Thempo, que vai subir ao palco ao lado de convidados especiais.<br \/>\nA programa\u00e7\u00e3o tamb\u00e9m conta com duas matin\u00eas. \u00c9 atra\u00e7\u00e3o pra toda fam\u00edlia. Confira abaixo os dias e hor\u00e1rios:<\/p>\n<p>S\u00e1bado, 10: das 18h \u00e0s 22 horas<br \/>\nDomingo, 11: das 15h \u00e0s 19 horas<br \/>\nSegunda, 12: das 18h \u00e0s 22 horas<\/p>\n<p>Ter\u00e7a, 13: das 15h \u00e0s 19 horas<\/p>\n<p>Costa Azul: escola de samba e atividades esportivas<\/p>\n<p>Outra atra\u00e7\u00e3o no Balne\u00e1rio Costa Azul \u00e9 a apresenta\u00e7\u00e3o da Escola de Samba Gr\u00eamio Recreativo \u201cAmigos do Anj\u00e3o\u201d. O grupo se apresenta no s\u00e1bado, 10, e na segunda, 12, \u00e0s 20 horas.<\/p>\n<p>O CarnaVer\u00e3o na Represa Jurumirim, principal cart\u00e3o-postal da Est\u00e2ncia Tur\u00edstica de Avar\u00e9, tamb\u00e9m conta com atividades esportivas comandadas pela Secretaria Municipal de Esporte e Lazer.<\/p>\n<p>Beach t\u00eanis, futev\u00f4lei, v\u00f4lei de areia, futebol de areia e nata\u00e7\u00e3o s\u00e3o as modalidades oferecidas na orla a partir de s\u00e1bado, 10. Mais detalhes pelo telefone (14) 3711-0700.<\/p>\n<p>Inscri\u00e7\u00e3o e informa\u00e7\u00f5es direto com os professores de cada modalidade. Confira abaixo os contatos e a programa\u00e7\u00e3o completa:<\/p>\n<p>Beach T\u00eanis<\/p>\n<p>Professor Paulinho (14) 99669-3139<\/p>\n<p>Dias: 10, 11,12 e 13 de fevereiro<\/p>\n<p>Hor\u00e1rios: das 9h \u00e0s 21 horas<\/p>\n<p>Futev\u00f4lei<\/p>\n<p>Professores C\u00e9sar (14) 99790-7671 e Andreia (14) 9 9815-4711<\/p>\n<p>Dias: 10, 11 e 12 de fevereiro<\/p>\n<p>Hor\u00e1rios: das 8h \u00e0s 18 horas<\/p>\n<p>V\u00f4lei de Areia<\/p>\n<p>Professores C\u00e9sar (14) 99790-7671 e Andreia (14) 99815-4711<\/p>\n<p>Dias: 10, 11 e 12 de fevereiro<\/p>\n<p>Hor\u00e1rios: das 8h \u00e0s 18 horas<\/p>\n<p>Futebol de Areia<\/p>\n<p>Professor G\u00e9rson (14) 98828-6417<\/p>\n<p>Dias: 10 e 12 de fevereiro<\/p>\n<p>Hor\u00e1rios: das 8h \u00e0s 18 horas<\/p>\n<p>Nata\u00e7\u00e3o<\/p>\n<p>Professor Sandro (14) 99753-1069<\/p>\n<p>Dia 11 de fevereiro<\/p>\n<p>Hor\u00e1rio: das 8h \u00e0s 12 horas<\/p>\n<p><img loading=\"lazy\" decoding=\"async\" src=\"https:\/\/sabuguinho.com.br\/site\/wp-content\/uploads\/2024\/02\/Carnaval-no-Costa-Azul-I-Arquivo-Secom-Avare-150x113.jpg\" alt=\"\" width=\"150\" height=\"113\" class=\"alignnone size-medium wp-image-3594\" srcset=\"https:\/\/sabuguinho.com.br\/site\/wp-content\/uploads\/2024\/02\/Carnaval-no-Costa-Azul-I-Arquivo-Secom-Avare-150x113.jpg 150w, https:\/\/sabuguinho.com.br\/site\/wp-content\/uploads\/2024\/02\/Carnaval-no-Costa-Azul-I-Arquivo-Secom-Avare-512x384.jpg 512w, https:\/\/sabuguinho.com.br\/site\/wp-content\/uploads\/2024\/02\/Carnaval-no-Costa-Azul-I-Arquivo-Secom-Avare-768x576.jpg 768w, https:\/\/sabuguinho.com.br\/site\/wp-content\/uploads\/2024\/02\/Carnaval-no-Costa-Azul-I-Arquivo-Secom-Avare-750x563.jpg 750w, https:\/\/sabuguinho.com.br\/site\/wp-content\/uploads\/2024\/02\/Carnaval-no-Costa-Azul-I-Arquivo-Secom-Avare-1140x855.jpg 1140w, https:\/\/sabuguinho.com.br\/site\/wp-content\/uploads\/2024\/02\/Carnaval-no-Costa-Azul-I-Arquivo-Secom-Avare.jpg 1280w\" sizes=\"auto, (max-width: 150px) 100vw, 150px\" \/><\/p>\n","protected":false},"excerpt":{"rendered":"<p>Confira a programa\u00e7\u00e3o completa do Carnaval no Balne\u00e1rio Costa Azul e Largo S\u00e3o Jo\u00e3o O CarnaVer\u00e3o 2024 tem in\u00edcio na sexta-feira, 9, no Balne\u00e1rio Costa Azul. A partir de s\u00e1bado, 10, come\u00e7a mais uma op\u00e7\u00e3o de folia no Largo S\u00e3o Jo\u00e3o. A entrada \u00e9 gratuita em ambos os lugares. A estrutura especial montada para receber [&hellip;]<\/p>\n","protected":false},"author":2,"featured_media":3595,"comment_status":"open","ping_status":"open","sticky":false,"template":"","format":"standard","meta":{"footnotes":""},"categories":[58],"tags":[],"class_list":["post-3593","post","type-post","status-publish","format-standard","has-post-thumbnail","hentry","category-noticias-locais"],"_links":{"self":[{"href":"https:\/\/sabuguinho.com.br\/site\/wp-json\/wp\/v2\/posts\/3593","targetHints":{"allow":["GET"]}}],"collection":[{"href":"https:\/\/sabuguinho.com.br\/site\/wp-json\/wp\/v2\/posts"}],"about":[{"href":"https:\/\/sabuguinho.com.br\/site\/wp-json\/wp\/v2\/types\/post"}],"author":[{"embeddable":true,"href":"https:\/\/sabuguinho.com.br\/site\/wp-json\/wp\/v2\/users\/2"}],"replies":[{"embeddable":true,"href":"https:\/\/sabuguinho.com.br\/site\/wp-json\/wp\/v2\/comments?post=3593"}],"version-history":[{"count":1,"href":"https:\/\/sabuguinho.com.br\/site\/wp-json\/wp\/v2\/posts\/3593\/revisions"}],"predecessor-version":[{"id":3596,"href":"https:\/\/sabuguinho.com.br\/site\/wp-json\/wp\/v2\/posts\/3593\/revisions\/3596"}],"wp:featuredmedia":[{"embeddable":true,"href":"https:\/\/sabuguinho.com.br\/site\/wp-json\/wp\/v2\/media\/3595"}],"wp:attachment":[{"href":"https:\/\/sabuguinho.com.br\/site\/wp-json\/wp\/v2\/media?parent=3593"}],"wp:term":[{"taxonomy":"category","embeddable":true,"href":"https:\/\/sabuguinho.com.br\/site\/wp-json\/wp\/v2\/categories?post=3593"},{"taxonomy":"post_tag","embeddable":true,"href":"https:\/\/sabuguinho.com.br\/site\/wp-json\/wp\/v2\/tags?post=3593"}],"curies":[{"name":"wp","href":"https:\/\/api.w.org\/{rel}","templated":true}]}}