{"id":3578,"date":"2024-02-08T10:48:58","date_gmt":"2024-02-08T13:48:58","guid":{"rendered":"https:\/\/sabuguinho.com.br\/site\/?p=3578"},"modified":"2024-02-08T10:48:58","modified_gmt":"2024-02-08T13:48:58","slug":"rotary-club-de-avare-comemorou-67-anos-com-entrega-de-doacoes","status":"publish","type":"post","link":"https:\/\/sabuguinho.com.br\/site\/rotary-club-de-avare-comemorou-67-anos-com-entrega-de-doacoes\/","title":{"rendered":"Rotary Club de Avar\u00e9 comemorou 67 anos com entrega de doa\u00e7\u00f5es"},"content":{"rendered":"<p>Texto de Jos\u00e9 Renato Fusco | Fotos de Tatiane Silva de Oliveira \u2013 Da Comiss\u00e3o de Imagem P\u00fablica do Rotary Club de Avar\u00e9.<\/p>\n<p>O Rotary Club de Avar\u00e9 comemorou seus 67 anos na noite do \u00faltimo dia 07, quando os rotarianos e seus convidados compareceram na Sede do Clube, para participarem de data t\u00e3o significativa e repleta de significado.<br \/>\nNa oportunidade, os presentes comemoraram ainda, os 118 anos do Rotary International, entidade respons\u00e1vel por gerir todos os Clubes do mundo, em \u00faltima inst\u00e2ncia.<br \/>\nPara homenagear o Clube, diversas personalidades avareenses ocuparam a Tribuna, como por exemplo o M\u00e9dico Dr. Claudio Nardinelli, que \u00e9 o Diretor da UTI da Santa Casa, o Mantenedor da Faculdade EDUVALE, Dr. Cl\u00e1udio Mansur Salom\u00e3o, C\u00e1ssio Jamil Ferreira, rotariano e presidente da ACIA e Cl\u00f3vis Rodrigues Felipe, rotariano que ocupou o cargo de Governador do Distrito 4.620 de Rotary Internacional no Ano-Rot\u00e1rio 2009-2010, dentre outros.<br \/>\nTamb\u00e9m foi passado um v\u00eddeo institucional produzido pelo jornalista Tiago Oliveira, onde diversos rotarianos e dirigentes de entidades assistenciais da cidade responderam ao seguinte questionamento: \u201cO Rotary muda vidas?\u201d.<br \/>\nPor fim, o Presidente do Rotary Club de Avar\u00e9, Dorival Dionizio Gomes, realizou a entrega de uma impressora para Associa\u00e7\u00e3o Amigos Solid\u00e1rios e uma TV e uma m\u00e1quina de lavar roupas para a Associa\u00e7\u00e3o Esp\u00edrita Arco \u00cdris. Esses bens foram adquiridos com recursos oriundos do Primeiro Porco no Rolete, realizado em meados do ano passado.<br \/>\nJ\u00e1 para o Asilo Resid\u00eancia do Amor Fraternal de Avar\u00e9 (RAFA), foram entregues quatro aparelhos para academia  ao ar livre. Tais equipamentos v\u00e3o possibilitar que a entidade d\u00ea andamento ao projeto denominado \u201cVitalidade do RAFA\u201d. \u00c9 importante destacar que tal doa\u00e7\u00e3o s\u00f3 foi poss\u00edvel gra\u00e7as a recursos obtidos junto \u00e0 Funda\u00e7\u00e3o Rot\u00e1ria, bra\u00e7o do Rotary Internacional, que ajuda os associados do Rotary a promovere<br \/>\na boa vontade, paz e compreens\u00e3o mundial, aprimorando a sa\u00fade, fornecendo educa\u00e7\u00e3o de qualidade, melhorando o meio ambiente e combatendo a pobreza.  <\/p>\n<p>EM NOSSOS 67 ANOS:<\/p>\n<p>No dia 14 de novembro de 1956, no Centro Avareense, os companheiros Jo\u00e3o Passos (representando o Governador Victor Mayer\u00e1 Jr., do ent\u00e3o Distrito 461), Jurandir Trench, Jo\u00e3o Leopardi e Jos\u00e9 Paulino, todos do Rotary Club de Botucatu, deram in\u00edcio \u00e0 forma\u00e7\u00e3o do Rotary Club de Avar\u00e9.<br \/>\nDia 11 de fevereiro de 1957, \u00e0s 13 horas, no Hotel O\u00e1sis, foi entregue a Carta de Admiss\u00e3o em Rotary International.<br \/>\nA partir dessa data, o Rotary Club de Avar\u00e9 vem repetidamente marcando presen\u00e7a na vida avareense. Dentre tais fatos, destacam-se as seguintes realiza\u00e7\u00f5es: Cria\u00e7\u00e3o da EMAPA, funda\u00e7\u00e3o da APAE de Avar\u00e9, trabalho para a instala\u00e7\u00e3o da rede telef\u00f4nica autom\u00e1tica de Avar\u00e9; funda\u00e7\u00e3o do COSA, cria\u00e7\u00e3o da Feira das Na\u00e7\u00f5es, Instala\u00e7\u00e3o do CEFAM, participa\u00e7\u00e3o na elabora\u00e7\u00e3o e concretiza\u00e7\u00e3o do Projeto UTI \u2013 Uma Esperan\u00e7a de Vida, dentre outros.<br \/>\nNesse meio tempo, 62 rotarianos ocuparam a presid\u00eancia do Clube, sendo que o primeiro foi Pl\u00ednio de Almeida Fagundes.<br \/>\n Os \u00fanicos a ocuparem o cargo mais de uma vez foram os Companheiros Mauro Righi Neto, nos anos de 67\/68 e 81\/82, Paul Anton Josef Bannwart, em 70\/71 e 02\/03, Paulo Ant\u00f4nio Salim Curiati, em 83\/84 e 98\/99, M\u00e1rio Rotelli, em 92\/93 e 96\/97, C\u00e1ssio Jamil Ferreira, em 95\/96 e 03\/04 e Jos\u00e9 Renato Fusco, em 17\/18, 20\/21 e 22\/23.<br \/>\nO Clube foi presidido por mulheres em apenas 8 oportunidades, sendo que a primeira foi Zo\u00e9 Mengual Peppe, em 99\/00, e a \u00faltima, Tatiane Silva de Oliveira, em 21\/22. Desse modo, no pr\u00f3ximo Ano-Rot\u00e1rio, a Companheira Clarice Terezinha Francisco ser\u00e1 a 9\u00aa mulher a ocupar a posi\u00e7\u00e3o mais alta da Casa Rot\u00e1ria.<\/p>\n<p>Durante os seus 67 anos, a Casa fora presidida por dois companheiros que viriam a se tornar Governadores Distritais. Em 79\/80 o Companheiro Luiz Zanforlin Neto comandou o Clube, sendo que em 83\/84, assumiu a governadoria. J\u00e1 em 97\/98, foi a vez de Cl\u00f3vis Rodrigues Felipe presidir o Rotary Club de Avar\u00e9. Onze anos depois, em 09\/10, ele tamb\u00e9m governaria o nosso Distrito 4.620.<\/p>\n<p><img loading=\"lazy\" decoding=\"async\" src=\"https:\/\/sabuguinho.com.br\/site\/wp-content\/uploads\/2024\/02\/1-a-ba-318adc59-0fb2-4d4a-8920-98797380042a-150x113.jpg\" alt=\"\" width=\"150\" height=\"113\" class=\"alignnone size-medium wp-image-3579\" srcset=\"https:\/\/sabuguinho.com.br\/site\/wp-content\/uploads\/2024\/02\/1-a-ba-318adc59-0fb2-4d4a-8920-98797380042a-150x113.jpg 150w, https:\/\/sabuguinho.com.br\/site\/wp-content\/uploads\/2024\/02\/1-a-ba-318adc59-0fb2-4d4a-8920-98797380042a-512x384.jpg 512w, https:\/\/sabuguinho.com.br\/site\/wp-content\/uploads\/2024\/02\/1-a-ba-318adc59-0fb2-4d4a-8920-98797380042a-768x576.jpg 768w, https:\/\/sabuguinho.com.br\/site\/wp-content\/uploads\/2024\/02\/1-a-ba-318adc59-0fb2-4d4a-8920-98797380042a-750x563.jpg 750w, https:\/\/sabuguinho.com.br\/site\/wp-content\/uploads\/2024\/02\/1-a-ba-318adc59-0fb2-4d4a-8920-98797380042a-1140x855.jpg 1140w, https:\/\/sabuguinho.com.br\/site\/wp-content\/uploads\/2024\/02\/1-a-ba-318adc59-0fb2-4d4a-8920-98797380042a.jpg 1280w\" sizes=\"auto, (max-width: 150px) 100vw, 150px\" \/><\/p>\n<p><img loading=\"lazy\" decoding=\"async\" src=\"https:\/\/sabuguinho.com.br\/site\/wp-content\/uploads\/2024\/02\/1-a-ba-6666666666666666-150x113.jpg\" alt=\"\" width=\"150\" height=\"113\" class=\"alignnone size-medium wp-image-3580\" srcset=\"https:\/\/sabuguinho.com.br\/site\/wp-content\/uploads\/2024\/02\/1-a-ba-6666666666666666-150x113.jpg 150w, https:\/\/sabuguinho.com.br\/site\/wp-content\/uploads\/2024\/02\/1-a-ba-6666666666666666-512x384.jpg 512w, https:\/\/sabuguinho.com.br\/site\/wp-content\/uploads\/2024\/02\/1-a-ba-6666666666666666-768x576.jpg 768w, https:\/\/sabuguinho.com.br\/site\/wp-content\/uploads\/2024\/02\/1-a-ba-6666666666666666-750x563.jpg 750w, https:\/\/sabuguinho.com.br\/site\/wp-content\/uploads\/2024\/02\/1-a-ba-6666666666666666-1140x855.jpg 1140w, https:\/\/sabuguinho.com.br\/site\/wp-content\/uploads\/2024\/02\/1-a-ba-6666666666666666.jpg 1280w\" sizes=\"auto, (max-width: 150px) 100vw, 150px\" \/><\/p>\n","protected":false},"excerpt":{"rendered":"<p>Texto de Jos\u00e9 Renato Fusco | Fotos de Tatiane Silva de Oliveira \u2013 Da Comiss\u00e3o de Imagem P\u00fablica do Rotary Club de Avar\u00e9. O Rotary Club de Avar\u00e9 comemorou seus 67 anos na noite do \u00faltimo dia 07, quando os rotarianos e seus convidados compareceram na Sede do Clube, para participarem de data t\u00e3o significativa [&hellip;]<\/p>\n","protected":false},"author":2,"featured_media":3581,"comment_status":"open","ping_status":"open","sticky":false,"template":"","format":"standard","meta":{"footnotes":""},"categories":[56],"tags":[],"class_list":["post-3578","post","type-post","status-publish","format-standard","has-post-thumbnail","hentry","category-social"],"_links":{"self":[{"href":"https:\/\/sabuguinho.com.br\/site\/wp-json\/wp\/v2\/posts\/3578","targetHints":{"allow":["GET"]}}],"collection":[{"href":"https:\/\/sabuguinho.com.br\/site\/wp-json\/wp\/v2\/posts"}],"about":[{"href":"https:\/\/sabuguinho.com.br\/site\/wp-json\/wp\/v2\/types\/post"}],"author":[{"embeddable":true,"href":"https:\/\/sabuguinho.com.br\/site\/wp-json\/wp\/v2\/users\/2"}],"replies":[{"embeddable":true,"href":"https:\/\/sabuguinho.com.br\/site\/wp-json\/wp\/v2\/comments?post=3578"}],"version-history":[{"count":1,"href":"https:\/\/sabuguinho.com.br\/site\/wp-json\/wp\/v2\/posts\/3578\/revisions"}],"predecessor-version":[{"id":3582,"href":"https:\/\/sabuguinho.com.br\/site\/wp-json\/wp\/v2\/posts\/3578\/revisions\/3582"}],"wp:featuredmedia":[{"embeddable":true,"href":"https:\/\/sabuguinho.com.br\/site\/wp-json\/wp\/v2\/media\/3581"}],"wp:attachment":[{"href":"https:\/\/sabuguinho.com.br\/site\/wp-json\/wp\/v2\/media?parent=3578"}],"wp:term":[{"taxonomy":"category","embeddable":true,"href":"https:\/\/sabuguinho.com.br\/site\/wp-json\/wp\/v2\/categories?post=3578"},{"taxonomy":"post_tag","embeddable":true,"href":"https:\/\/sabuguinho.com.br\/site\/wp-json\/wp\/v2\/tags?post=3578"}],"curies":[{"name":"wp","href":"https:\/\/api.w.org\/{rel}","templated":true}]}}