{"id":35570,"date":"2025-10-20T14:57:16","date_gmt":"2025-10-20T17:57:16","guid":{"rendered":"https:\/\/sabuguinho.com.br\/site\/?p=35570"},"modified":"2025-10-20T14:57:16","modified_gmt":"2025-10-20T17:57:16","slug":"assistencia-social-cras-bonsucesso-promove-integracao-entre-idosas-no-camping-municipal","status":"publish","type":"post","link":"https:\/\/sabuguinho.com.br\/site\/assistencia-social-cras-bonsucesso-promove-integracao-entre-idosas-no-camping-municipal\/","title":{"rendered":"ASSIST\u00caNCIA SOCIAL  *CRAS Bonsucesso promove integra\u00e7\u00e3o entre idosas no Camping Municipal"},"content":{"rendered":"<p>Atividade realizada no \u00faltimo dia 15 reuniu integrantes dos grupos de conviv\u00eancia do equipamento ligado \u00e0 SEMADS_<\/p>\n<p>Idosas referenciadas no Centro de Refer\u00eancia de Assist\u00eancia Social (CRAS) II visitaram no \u00faltimo dia 15 o Camping Municipal, um dos cart\u00f5es-postais de Avar\u00e9.<br \/>\nA proposta foi garantir momentos de confraterniza\u00e7\u00e3o e de socializa\u00e7\u00e3o entre as integrantes dos grupos de conviv\u00eancia do CRAS localizado no bairro Bonsucesso.<br \/>\nA iniciativa tem apoio do prefeito Roberto Araujo.<br \/>\nElas foram acompanhadas por t\u00e9cnicos do equipamento, que destacaram a import\u00e2ncia da realiza\u00e7\u00e3o de atividades sociais que saem da rotina e promovem acesso a diversos espa\u00e7os da cidade.<br \/>\nAp\u00f3s o caf\u00e9 da manh\u00e3, as idosas inscritas no artesanato utilizaram as \u00e1rvores do espa\u00e7o para expor os trabalhos produzidos por elas. <\/p>\n<p>*Inclus\u00e3o*<\/p>\n<p>O CRAS tem como foco a inclus\u00e3o, a prote\u00e7\u00e3o e a cidadania. O grupo de artesanato e o grupo funcional, que inclui educador f\u00edsico, ocorrem semanalmente no CRAS.<br \/>\nO fortalecimento de v\u00ednculos e de habilidades para a autonomia da pessoa idosa faz parte do trabalho.<br \/>\nMais detalhes sobre as atividades desenvolvidas pelo CRAS II podem ser obtidas pelo telefone (14) 3731-2034.<br \/>\nO equipamento ligado \u00e0 Secretaria Municipal de Assist\u00eancia e Desenvolvimento Social (SEMADS) fica na Rua Maneco Dion\u00edsio, n\u00ba 318, Vila Martins II<\/p>\n<p><img loading=\"lazy\" decoding=\"async\" src=\"https:\/\/sabuguinho.com.br\/site\/wp-content\/uploads\/2025\/10\/IMG-20251020-WA0065-113x150.jpg\" alt=\"\" width=\"113\" height=\"150\" class=\"alignnone size-medium wp-image-35571\" srcset=\"https:\/\/sabuguinho.com.br\/site\/wp-content\/uploads\/2025\/10\/IMG-20251020-WA0065-113x150.jpg 113w, https:\/\/sabuguinho.com.br\/site\/wp-content\/uploads\/2025\/10\/IMG-20251020-WA0065-384x512.jpg 384w, https:\/\/sabuguinho.com.br\/site\/wp-content\/uploads\/2025\/10\/IMG-20251020-WA0065-768x1024.jpg 768w, https:\/\/sabuguinho.com.br\/site\/wp-content\/uploads\/2025\/10\/IMG-20251020-WA0065-1152x1536.jpg 1152w, https:\/\/sabuguinho.com.br\/site\/wp-content\/uploads\/2025\/10\/IMG-20251020-WA0065-750x1000.jpg 750w, https:\/\/sabuguinho.com.br\/site\/wp-content\/uploads\/2025\/10\/IMG-20251020-WA0065-1140x1520.jpg 1140w, https:\/\/sabuguinho.com.br\/site\/wp-content\/uploads\/2025\/10\/IMG-20251020-WA0065.jpg 1200w\" sizes=\"(max-width: 113px) 100vw, 113px\" \/><\/p>\n<p><img loading=\"lazy\" decoding=\"async\" src=\"https:\/\/sabuguinho.com.br\/site\/wp-content\/uploads\/2025\/10\/IMG-20251020-WA0067-113x150.jpg\" alt=\"\" width=\"113\" height=\"150\" class=\"alignnone size-medium wp-image-35572\" srcset=\"https:\/\/sabuguinho.com.br\/site\/wp-content\/uploads\/2025\/10\/IMG-20251020-WA0067-113x150.jpg 113w, https:\/\/sabuguinho.com.br\/site\/wp-content\/uploads\/2025\/10\/IMG-20251020-WA0067-384x512.jpg 384w, https:\/\/sabuguinho.com.br\/site\/wp-content\/uploads\/2025\/10\/IMG-20251020-WA0067-768x1024.jpg 768w, https:\/\/sabuguinho.com.br\/site\/wp-content\/uploads\/2025\/10\/IMG-20251020-WA0067-1152x1536.jpg 1152w, https:\/\/sabuguinho.com.br\/site\/wp-content\/uploads\/2025\/10\/IMG-20251020-WA0067-750x1000.jpg 750w, https:\/\/sabuguinho.com.br\/site\/wp-content\/uploads\/2025\/10\/IMG-20251020-WA0067-1140x1520.jpg 1140w, https:\/\/sabuguinho.com.br\/site\/wp-content\/uploads\/2025\/10\/IMG-20251020-WA0067.jpg 1200w\" sizes=\"(max-width: 113px) 100vw, 113px\" \/><\/p>\n","protected":false},"excerpt":{"rendered":"<p>Atividade realizada no \u00faltimo dia 15 reuniu integrantes dos grupos de conviv\u00eancia do equipamento ligado \u00e0 SEMADS_ Idosas referenciadas no Centro de Refer\u00eancia de Assist\u00eancia Social (CRAS) II visitaram no \u00faltimo dia 15 o Camping Municipal, um dos cart\u00f5es-postais de Avar\u00e9. A proposta foi garantir momentos de confraterniza\u00e7\u00e3o e de socializa\u00e7\u00e3o entre as integrantes dos [&hellip;]<\/p>\n","protected":false},"author":2,"featured_media":35573,"comment_status":"open","ping_status":"open","sticky":false,"template":"","format":"standard","meta":{"footnotes":""},"categories":[121],"tags":[],"_links":{"self":[{"href":"https:\/\/sabuguinho.com.br\/site\/wp-json\/wp\/v2\/posts\/35570"}],"collection":[{"href":"https:\/\/sabuguinho.com.br\/site\/wp-json\/wp\/v2\/posts"}],"about":[{"href":"https:\/\/sabuguinho.com.br\/site\/wp-json\/wp\/v2\/types\/post"}],"author":[{"embeddable":true,"href":"https:\/\/sabuguinho.com.br\/site\/wp-json\/wp\/v2\/users\/2"}],"replies":[{"embeddable":true,"href":"https:\/\/sabuguinho.com.br\/site\/wp-json\/wp\/v2\/comments?post=35570"}],"version-history":[{"count":1,"href":"https:\/\/sabuguinho.com.br\/site\/wp-json\/wp\/v2\/posts\/35570\/revisions"}],"predecessor-version":[{"id":35574,"href":"https:\/\/sabuguinho.com.br\/site\/wp-json\/wp\/v2\/posts\/35570\/revisions\/35574"}],"wp:featuredmedia":[{"embeddable":true,"href":"https:\/\/sabuguinho.com.br\/site\/wp-json\/wp\/v2\/media\/35573"}],"wp:attachment":[{"href":"https:\/\/sabuguinho.com.br\/site\/wp-json\/wp\/v2\/media?parent=35570"}],"wp:term":[{"taxonomy":"category","embeddable":true,"href":"https:\/\/sabuguinho.com.br\/site\/wp-json\/wp\/v2\/categories?post=35570"},{"taxonomy":"post_tag","embeddable":true,"href":"https:\/\/sabuguinho.com.br\/site\/wp-json\/wp\/v2\/tags?post=35570"}],"curies":[{"name":"wp","href":"https:\/\/api.w.org\/{rel}","templated":true}]}}