{"id":35561,"date":"2025-10-20T12:42:19","date_gmt":"2025-10-20T15:42:19","guid":{"rendered":"https:\/\/sabuguinho.com.br\/site\/?p=35561"},"modified":"2025-10-20T12:42:19","modified_gmt":"2025-10-20T15:42:19","slug":"lula-chama-america-latina-de-zona-de-paz-e-critica-intervencoes","status":"publish","type":"post","link":"https:\/\/sabuguinho.com.br\/site\/lula-chama-america-latina-de-zona-de-paz-e-critica-intervencoes\/","title":{"rendered":"Lula chama Am\u00e9rica Latina de zona de paz e critica interven\u00e7\u00f5es"},"content":{"rendered":"<p>\u201cPodem causar danos maiores do que se quer evitar\u201d, diz a embaixadores<\/p>\n<p>Andreia Verd\u00e9lio &#8211; Rep\u00f3rter da Ag\u00eancia Brasil<\/p>\n<p>O presidente Luiz In\u00e1cio Lula da Silva defendeu, nesta segunda-feira (20), a soberania da Am\u00e9rica Latina e destacou que \u00e9 prioridade manter a regi\u00e3o como \u201czona de paz\u201d. Ele recebeu, pela manh\u00e3, as credenciais de 28 novos embaixadores no Brasil e, em r\u00e1pido discurso, criticou interven\u00e7\u00f5es de pa\u00edses de fora da regi\u00e3o.<br \/>\n\u201cSomos um continente livre de armas de destrui\u00e7\u00e3o em massa, sem conflitos \u00e9tnicos ou religiosos. Interven\u00e7\u00f5es estrangeiras podem causar danos maiores do que o que se pretende evitar\u201d, disse aos diplomatas estrangeiros.<br \/>\nPara o presidente, a regi\u00e3o passa por \u201cum momento de crescente polariza\u00e7\u00e3o e instabilidade\u201d.<br \/>\n\u201cVoc\u00eas ser\u00e3o tratados e ter\u00e3o aten\u00e7\u00e3o do Itamaraty como se fossem amigos nossos h\u00e1 muitos anos, porque o que n\u00f3s queremos \u00e9 mostrar ao mundo que n\u00f3s precisamos fortalecer o multilateralismo e o multilateralismo \u00e9 baseado na boa rela\u00e7\u00e3o cordial, comercial, econ\u00f4mica e, sobretudo, uma rela\u00e7\u00e3o pac\u00edfica, sem \u00f3dio, sem negacionismo e sem ferir o princ\u00edpio b\u00e1sico da democracia e dos direitos humanos\u201d, acrescentou.<br \/>\nRecentemente, o Brasil, em conjunto com a maioria dos pa\u00edses da Am\u00e9rica Latina, manifestaram \u201cprofunda preocupa\u00e7\u00e3o\u201d pela movimenta\u00e7\u00e3o militar \u201cextra-regional\u201d na regi\u00e3o do Caribe. O documento \u00e9 uma refer\u00eancia indireta ao envio de navios, submarinos e militares pelos Estados Unidos (EUA) \u00e0 costa da Venezuela.<\/p>\n<p>>> Siga o canal da Ag\u00eancia Brasil no WhatsApp<\/p>\n<p>Normalmente, Lula recebe os embaixadores em reuni\u00e3o privada em seu gabinete no Pal\u00e1cio do Planalto. Mas, por quest\u00f5es de agenda, nessa ocasi\u00e3o foi realizada uma cerim\u00f4nia coletiva.<br \/>\nEm seu discurso, Lula tamb\u00e9m falou sobre a import\u00e2ncia da pol\u00edtica internacional em seu governo e contou que j\u00e1 visitou 37 pa\u00edses em seu terceiro mandato. Ele ainda destacou os eventos multilaterais que ocorrer\u00e3o no Brasil este ano, como a 30\u00aa Confer\u00eancia das Na\u00e7\u00f5es Unidas sobre Mudan\u00e7a do Clima, em novembro, e a C\u00fapula do Mercosul, em dezembro.<br \/>\nA partir de hoje, est\u00e3o habilitados a despachar no pa\u00eds os representantes das seguintes na\u00e7\u00f5es: El Salvador, Alb\u00e2nia, Camboja, Tail\u00e2ndia, Tanz\u00e2nia, Belarus, Qu\u00eania, Om\u00e3, Rep\u00fablica Dominicana, Burkina Faso, Bangladesh, Maurit\u00e2nia, Sud\u00e3o, Senegal, Uruguai, Rep\u00fablica Democr\u00e1tica do Congo, Su\u00ed\u00e7a, Pa\u00edses Baixos, B\u00e9lgica, Emirados \u00c1rabes, Irlanda, Z\u00e2mbia, \u00c1ustria, Finl\u00e2ndia, Mal\u00e1sia, Gana, L\u00edbano e Sri Lanka.<br \/>\nTradicionalmente, os governos fazem consulta ao pa\u00eds no exterior sobre a indica\u00e7\u00e3o de um novo embaixador para atuar em seu territ\u00f3rio. Na diplomacia, a consulta \u00e9 chamada de agr\u00e9ment, que pode ser concedido ou n\u00e3o. O embaixador, ent\u00e3o, assume o posto ap\u00f3s a entrega de documentos enviados pelo presidente de seu pa\u00eds ao governo do pa\u00eds onde atuar\u00e1.<br \/>\nA apresenta\u00e7\u00e3o das cartas credenciais ao presidente da Rep\u00fablica \u00e9 uma formalidade que aumenta as prerrogativas de atua\u00e7\u00e3o do diplomata no Brasil. Caso a credencial n\u00e3o seja recebida pelo presidente, o embaixador n\u00e3o pode representar seu pa\u00eds em audi\u00eancias ou solenidades oficiais, por exemplo.<\/p>\n","protected":false},"excerpt":{"rendered":"<p>\u201cPodem causar danos maiores do que se quer evitar\u201d, diz a embaixadores Andreia Verd\u00e9lio &#8211; Rep\u00f3rter da Ag\u00eancia Brasil O presidente Luiz In\u00e1cio Lula da Silva defendeu, nesta segunda-feira (20), a soberania da Am\u00e9rica Latina e destacou que \u00e9 prioridade manter a regi\u00e3o como \u201czona de paz\u201d. Ele recebeu, pela manh\u00e3, as credenciais de 28 [&hellip;]<\/p>\n","protected":false},"author":2,"featured_media":35562,"comment_status":"open","ping_status":"open","sticky":false,"template":"","format":"standard","meta":{"footnotes":""},"categories":[163],"tags":[],"_links":{"self":[{"href":"https:\/\/sabuguinho.com.br\/site\/wp-json\/wp\/v2\/posts\/35561"}],"collection":[{"href":"https:\/\/sabuguinho.com.br\/site\/wp-json\/wp\/v2\/posts"}],"about":[{"href":"https:\/\/sabuguinho.com.br\/site\/wp-json\/wp\/v2\/types\/post"}],"author":[{"embeddable":true,"href":"https:\/\/sabuguinho.com.br\/site\/wp-json\/wp\/v2\/users\/2"}],"replies":[{"embeddable":true,"href":"https:\/\/sabuguinho.com.br\/site\/wp-json\/wp\/v2\/comments?post=35561"}],"version-history":[{"count":1,"href":"https:\/\/sabuguinho.com.br\/site\/wp-json\/wp\/v2\/posts\/35561\/revisions"}],"predecessor-version":[{"id":35563,"href":"https:\/\/sabuguinho.com.br\/site\/wp-json\/wp\/v2\/posts\/35561\/revisions\/35563"}],"wp:featuredmedia":[{"embeddable":true,"href":"https:\/\/sabuguinho.com.br\/site\/wp-json\/wp\/v2\/media\/35562"}],"wp:attachment":[{"href":"https:\/\/sabuguinho.com.br\/site\/wp-json\/wp\/v2\/media?parent=35561"}],"wp:term":[{"taxonomy":"category","embeddable":true,"href":"https:\/\/sabuguinho.com.br\/site\/wp-json\/wp\/v2\/categories?post=35561"},{"taxonomy":"post_tag","embeddable":true,"href":"https:\/\/sabuguinho.com.br\/site\/wp-json\/wp\/v2\/tags?post=35561"}],"curies":[{"name":"wp","href":"https:\/\/api.w.org\/{rel}","templated":true}]}}