{"id":35548,"date":"2025-10-20T11:22:49","date_gmt":"2025-10-20T14:22:49","guid":{"rendered":"https:\/\/sabuguinho.com.br\/site\/?p=35548"},"modified":"2025-10-20T11:22:49","modified_gmt":"2025-10-20T14:22:49","slug":"campanha-de-papanicolaou-acontece-no-dia-30-no-caisma","status":"publish","type":"post","link":"https:\/\/sabuguinho.com.br\/site\/campanha-de-papanicolaou-acontece-no-dia-30-no-caisma\/","title":{"rendered":"Campanha de Papanicolaou acontece no dia 30 no CAISMA"},"content":{"rendered":"<p>A\u00e7\u00e3o alusiva ao Outubro Rosa ser\u00e1 realizada das 17h \u00e0s 20 horas; objetivo \u00e9 facilitar acesso do p\u00fablico feminino ao servi\u00e7o<\/p>\n<p>Por: REDA\u00c7\u00c3O | SECOM.<\/p>\n<p>O Centro de Refer\u00eancia Integrado \u00e0 Sa\u00fade da Mulher (CAISMA) convida o p\u00fablico feminino para a campanha de Papanicolau que acontece no pr\u00f3ximo dia 30.<br \/>\nA atividade, que ser\u00e1 realizada das 17h \u00e0s 20 horas, \u00e9 alusiva ao Outubro Rosa, campanha que tem como foco a preven\u00e7\u00e3o e o cuidado integral da sa\u00fade da mulher.<br \/>\n\u201cO objetivo do atendimento em hor\u00e1rio diferenciado \u00e9 facilitar o acesso ao servi\u00e7o gratuito\u201d, destaca a Secretaria Municipal da Sa\u00fade.<br \/>\nO Papanicolaou \u00e9 essencial para a preven\u00e7\u00e3o do c\u00e2ncer de colo de \u00fatero e outras infec\u00e7\u00f5es, pois permite a detec\u00e7\u00e3o precoce de les\u00f5es e altera\u00e7\u00f5es celulares na fase anterior \u00e0 doen\u00e7a.<br \/>\nO CAISMA fica no Centro Integrado de Aten\u00e7\u00e3o \u00e0 Sa\u00fade (CIAS), que re\u00fane outros equipamentos ligados \u00e0 Secretaria Municipal da Sa\u00fade.<\/p>\n","protected":false},"excerpt":{"rendered":"<p>A\u00e7\u00e3o alusiva ao Outubro Rosa ser\u00e1 realizada das 17h \u00e0s 20 horas; objetivo \u00e9 facilitar acesso do p\u00fablico feminino ao servi\u00e7o Por: REDA\u00c7\u00c3O | SECOM. O Centro de Refer\u00eancia Integrado \u00e0 Sa\u00fade da Mulher (CAISMA) convida o p\u00fablico feminino para a campanha de Papanicolau que acontece no pr\u00f3ximo dia 30. A atividade, que ser\u00e1 realizada [&hellip;]<\/p>\n","protected":false},"author":2,"featured_media":35551,"comment_status":"open","ping_status":"open","sticky":false,"template":"","format":"standard","meta":{"footnotes":""},"categories":[121],"tags":[],"_links":{"self":[{"href":"https:\/\/sabuguinho.com.br\/site\/wp-json\/wp\/v2\/posts\/35548"}],"collection":[{"href":"https:\/\/sabuguinho.com.br\/site\/wp-json\/wp\/v2\/posts"}],"about":[{"href":"https:\/\/sabuguinho.com.br\/site\/wp-json\/wp\/v2\/types\/post"}],"author":[{"embeddable":true,"href":"https:\/\/sabuguinho.com.br\/site\/wp-json\/wp\/v2\/users\/2"}],"replies":[{"embeddable":true,"href":"https:\/\/sabuguinho.com.br\/site\/wp-json\/wp\/v2\/comments?post=35548"}],"version-history":[{"count":1,"href":"https:\/\/sabuguinho.com.br\/site\/wp-json\/wp\/v2\/posts\/35548\/revisions"}],"predecessor-version":[{"id":35552,"href":"https:\/\/sabuguinho.com.br\/site\/wp-json\/wp\/v2\/posts\/35548\/revisions\/35552"}],"wp:featuredmedia":[{"embeddable":true,"href":"https:\/\/sabuguinho.com.br\/site\/wp-json\/wp\/v2\/media\/35551"}],"wp:attachment":[{"href":"https:\/\/sabuguinho.com.br\/site\/wp-json\/wp\/v2\/media?parent=35548"}],"wp:term":[{"taxonomy":"category","embeddable":true,"href":"https:\/\/sabuguinho.com.br\/site\/wp-json\/wp\/v2\/categories?post=35548"},{"taxonomy":"post_tag","embeddable":true,"href":"https:\/\/sabuguinho.com.br\/site\/wp-json\/wp\/v2\/tags?post=35548"}],"curies":[{"name":"wp","href":"https:\/\/api.w.org\/{rel}","templated":true}]}}