{"id":35522,"date":"2025-10-19T22:07:53","date_gmt":"2025-10-20T01:07:53","guid":{"rendered":"https:\/\/sabuguinho.com.br\/site\/?p=35522"},"modified":"2025-10-19T22:07:53","modified_gmt":"2025-10-20T01:07:53","slug":"luan-pereira-abandona-danca-dos-famosos-apos-descobrir-mais-de-10-pedras-nos-rins","status":"publish","type":"post","link":"https:\/\/sabuguinho.com.br\/site\/luan-pereira-abandona-danca-dos-famosos-apos-descobrir-mais-de-10-pedras-nos-rins\/","title":{"rendered":"Luan Pereira abandona Dan\u00e7a dos Famosos ap\u00f3s descobrir mais de 10 pedras nos rins"},"content":{"rendered":"<p>A Dan\u00e7a dos Famosos sofreu mais uma baixa neste domingo (19). Ap\u00f3s a sa\u00edda de Gracyanne Barbosa por causa de um rompimento de tend\u00e3o, o cantor Luan Pereira tamb\u00e9m precisou deixar o quadro do Doming\u00e3o com Huck por motivos de sa\u00fade. O cantor foi internado \u00e0s pressas com fortes dores e descobriu que estava com mais de dez pedras nos rins<br \/>\nEle mandou um recado para Luciano Huck, que excepcionalmente apresentou o programa ao vivo para receber o elenco de Tr\u00eas Gra\u00e7as \u2013pr\u00f3xima novela das nove, que estreia nesta segunda (20).<br \/>\n\u201cEu j\u00e1 estava a\u00ed quando acordei com uma dor estranha nas costas. Por j\u00e1 ter  tido [a doen\u00e7a] outras vezes, por saber que tinha uma pedra no rim afetado, fui direto para o hospital. Senti a maior dor da minha vida. S\u00f3 quem j\u00e1 sentiu, sabe&#8221;, iniciou.<br \/>\n\u201cCheguei a vomitar de dor, s\u00f3 de lembrar j\u00e1 me d\u00e1 calafrio. N\u00e3o era s\u00f3 uma, eram mais de dez pedras no rim&#8221;. continuou. \u201cAsfaltaram seu rim&#8221;, brincou o marido de Ang\u00e9lica Ksyvickis<br \/>\n\u201cPe\u00e7o desculpa por ter abandonado a competi\u00e7\u00e3o, mas os planos de Deus s\u00e3o maiores&#8221;, finalizou o sertanejo.<\/p>\n<p>Quem \u00e9 Luan Pereira?<\/p>\n<p>Luan Pereira \u00e9 um dos nomes em ascens\u00e3o do agronejo, estilo que mistura sertanejo com batidas eletr\u00f4nicas e est\u00e9tica do campo. Natural de Rol\u00e2ndia, no Paran\u00e1, o cantor ganhou fama nas redes sociais com m\u00fasicas como Dentro da Hilux e Ro\u00e7a em Mim, que viralizaram entre o p\u00fablico jovem e o universo agro.<br \/>\nCom visual de \u201cagroboy\u201d, ele \u00e9 conhecido por unir moda sertaneja, som de pared\u00e3o e letras sobre vida rural. Antes de estrear na Dan\u00e7a dos Famosos, Luan j\u00e1 acumulava milh\u00f5es de visualiza\u00e7\u00f5es no YouTube e parcerias com artistas como Ana Castela, Gustavo Mioto e L\u00e9o &#038; Raphael<\/p>\n<p>Legenda<br \/>\nO cantor Luan Pereira na Dan\u00e7a dos Famosos: ele teve uma crise e descobriu c\u00e1lculo renal<\/p>\n","protected":false},"excerpt":{"rendered":"<p>A Dan\u00e7a dos Famosos sofreu mais uma baixa neste domingo (19). Ap\u00f3s a sa\u00edda de Gracyanne Barbosa por causa de um rompimento de tend\u00e3o, o cantor Luan Pereira tamb\u00e9m precisou deixar o quadro do Doming\u00e3o com Huck por motivos de sa\u00fade. O cantor foi internado \u00e0s pressas com fortes dores e descobriu que estava com [&hellip;]<\/p>\n","protected":false},"author":2,"featured_media":35525,"comment_status":"open","ping_status":"open","sticky":false,"template":"","format":"standard","meta":{"footnotes":""},"categories":[1,162],"tags":[],"_links":{"self":[{"href":"https:\/\/sabuguinho.com.br\/site\/wp-json\/wp\/v2\/posts\/35522"}],"collection":[{"href":"https:\/\/sabuguinho.com.br\/site\/wp-json\/wp\/v2\/posts"}],"about":[{"href":"https:\/\/sabuguinho.com.br\/site\/wp-json\/wp\/v2\/types\/post"}],"author":[{"embeddable":true,"href":"https:\/\/sabuguinho.com.br\/site\/wp-json\/wp\/v2\/users\/2"}],"replies":[{"embeddable":true,"href":"https:\/\/sabuguinho.com.br\/site\/wp-json\/wp\/v2\/comments?post=35522"}],"version-history":[{"count":1,"href":"https:\/\/sabuguinho.com.br\/site\/wp-json\/wp\/v2\/posts\/35522\/revisions"}],"predecessor-version":[{"id":35526,"href":"https:\/\/sabuguinho.com.br\/site\/wp-json\/wp\/v2\/posts\/35522\/revisions\/35526"}],"wp:featuredmedia":[{"embeddable":true,"href":"https:\/\/sabuguinho.com.br\/site\/wp-json\/wp\/v2\/media\/35525"}],"wp:attachment":[{"href":"https:\/\/sabuguinho.com.br\/site\/wp-json\/wp\/v2\/media?parent=35522"}],"wp:term":[{"taxonomy":"category","embeddable":true,"href":"https:\/\/sabuguinho.com.br\/site\/wp-json\/wp\/v2\/categories?post=35522"},{"taxonomy":"post_tag","embeddable":true,"href":"https:\/\/sabuguinho.com.br\/site\/wp-json\/wp\/v2\/tags?post=35522"}],"curies":[{"name":"wp","href":"https:\/\/api.w.org\/{rel}","templated":true}]}}