{"id":3540,"date":"2024-02-07T12:55:36","date_gmt":"2024-02-07T15:55:36","guid":{"rendered":"https:\/\/sabuguinho.com.br\/site\/?p=3540"},"modified":"2024-02-07T12:55:36","modified_gmt":"2024-02-07T15:55:36","slug":"tudo-pronto-para-o-carnaaguas-2024-a-maior-festa-popular-da-regiao-esta-prestes-a-comecar","status":"publish","type":"post","link":"https:\/\/sabuguinho.com.br\/site\/tudo-pronto-para-o-carnaaguas-2024-a-maior-festa-popular-da-regiao-esta-prestes-a-comecar\/","title":{"rendered":"Tudo pronto para o Carna\u00c1Guas 2024: A maior festa popular da regi\u00e3o est\u00e1 prestes a come\u00e7ar"},"content":{"rendered":"<p>Ag\u00eancia FRizzo Digital<\/p>\n<p>Prepare-se para viver momentos inesquec\u00edveis neste carnaval! O Carna\u00c1Guas est\u00e1 chegando e promete agitar a regi\u00e3o, atraindo milhares de<br \/>\nfoli\u00f5es de todas as partes do Estado de S\u00e3o Paulo e do pa\u00eds!<br \/>\nA Pol\u00edcia Militar definiu o hor\u00e1rio para encerramento das apresenta\u00e7\u00f5es, \u00e0s 2h, e todos os munic\u00edpios da regi\u00e3o devem seguir essa determina\u00e7\u00e3o. A festa acontecer\u00e1 de s\u00e1bado, dia 10 de fevereiro, at\u00e9 ter\u00e7a-feira, dia 13.<\/p>\n<p>Confira a programa\u00e7\u00e3o:<\/p>\n<p>S\u00e1bado, 10 de fevereiro:<\/p>\n<p>In\u00edcio das festividades!<\/p>\n<p>Show com a Banda New York: das 22h30 \u00e0s 2h<\/p>\n<p>Domingo, 11 de fevereiro:<\/p>\n<p>Matin\u00ea: das 15h \u00e0s 18h<\/p>\n<p>Show com a Banda New York: das 22h30 \u00e0s 2h<\/p>\n<p>Segunda-feira, 12 de fevereiro:<\/p>\n<p>Nova Matin\u00ea: \u00e0s 15h<\/p>\n<p>Show com a Banda New York: das 22h30 \u00e0s 2h<\/p>\n<p>Ter\u00e7a-feira, 13 de fevereiro:<\/p>\n<p>Encerramento com show das 19h \u00e0s 22h30 com a Banda New York<\/p>\n<p>N\u00e3o perca a oportunidade de curtir os shows da renomada Banda New York, que ficou marcada na mem\u00f3ria de muita gente!<\/p>\n<p>Uma cobertura gigante j\u00e1 est\u00e1 sendo montada no Parque das \u00c1guas Guilhermina Bernardino de Souza, antigo Campo de Futebol, garantindo a mobilidade urbana e evitando o fechamento das vias ao redor.<br \/>\nAl\u00e9m dos shows, haver\u00e1 feira de artesanato e uma deliciosa pra\u00e7a de alimenta\u00e7\u00e3o! Prepare-se para viver o melhor carnaval da sua vida em \u00c1guas de Santa B\u00e1rbara!<\/p>\n<p>#Carna\u00c1Guas #Carnaval2024 #BandaNewYork #Folia #Artesanato #Pra\u00e7aDeAlimenta\u00e7\u00e3o <\/p>\n<p>Prepare-se para viver momentos inesquec\u00edveis neste carnaval! O Carna\u00c1Guas est\u00e1 chegando e promete agitar a regi\u00e3o, atraindo milhares de foli\u00f5es de todas as partes do Estado de S\u00e3o Paulo e do pa\u00eds!<br \/>\nA Pol\u00edcia Militar definiu o hor\u00e1rio para encerramento das apresenta\u00e7\u00f5es, \u00e0s 2h, e todos os munic\u00edpios da regi\u00e3o devem seguir essa determina\u00e7\u00e3o. A festa acontecer\u00e1 de s\u00e1bado, dia 10 de fevereiro, at\u00e9 ter\u00e7a-feira, dia 13.<\/p>\n<p>Confira a programa\u00e7\u00e3o:<\/p>\n<p>S\u00e1bado, 10 de fevereiro:<\/p>\n<p>In\u00edcio das festividades!<\/p>\n<p>Show com a Banda New York: das 22h30 \u00e0s 2h<\/p>\n<p>Domingo, 11 de fevereiro:<\/p>\n<p>Matin\u00ea: das 15h \u00e0s 18h<\/p>\n<p>Show com a Banda New York: das 22h30 \u00e0s 2h<\/p>\n<p>Segunda-feira, 12 de fevereiro:<\/p>\n<p>Nova Matin\u00ea: \u00e0s 15h<\/p>\n<p>Show com a Banda New York: das 22h30 \u00e0s 2h<\/p>\n<p>Ter\u00e7a-feira, 13 de fevereiro:<\/p>\n<p>Encerramento com show das 19h \u00e0s 22h30 com a Banda New York<\/p>\n<p>N\u00e3o perca a oportunidade de curtir os shows da renomada Banda New York, que ficou marcada na mem\u00f3ria de muita gente!<\/p>\n<p>Uma cobertura gigante j\u00e1 est\u00e1 sendo montada no Parque das \u00c1guas Guilhermina Bernardino de Souza, antigo Campo de Futebol, garantindo a mobilidade urbana e evitando o fechamento das vias ao redor.<\/p>\n<p>Al\u00e9m dos shows, haver\u00e1 feira de artesanato e uma deliciosa pra\u00e7a de alimenta\u00e7\u00e3o! Prepare-se para viver o melhor carnaval da sua vida em \u00c1guas de Santa B\u00e1rbara!<\/p>\n<p>#Carna\u00c1Guas #Carnaval2024 #BandaNewYork #Folia #Artesanato #Pra\u00e7aDeAlimenta\u00e7\u00e3o<\/p>\n<p>.<img loading=\"lazy\" decoding=\"async\" src=\"https:\/\/sabuguinho.com.br\/site\/wp-content\/uploads\/2024\/02\/Estrutura-esta-sendo-instalada-150x113.jpg\" alt=\"\" width=\"150\" height=\"113\" class=\"alignnone size-medium wp-image-3541\" srcset=\"https:\/\/sabuguinho.com.br\/site\/wp-content\/uploads\/2024\/02\/Estrutura-esta-sendo-instalada-150x113.jpg 150w, https:\/\/sabuguinho.com.br\/site\/wp-content\/uploads\/2024\/02\/Estrutura-esta-sendo-instalada-512x384.jpg 512w, https:\/\/sabuguinho.com.br\/site\/wp-content\/uploads\/2024\/02\/Estrutura-esta-sendo-instalada-768x576.jpg 768w, https:\/\/sabuguinho.com.br\/site\/wp-content\/uploads\/2024\/02\/Estrutura-esta-sendo-instalada-750x563.jpg 750w, https:\/\/sabuguinho.com.br\/site\/wp-content\/uploads\/2024\/02\/Estrutura-esta-sendo-instalada.jpg 1040w\" sizes=\"auto, (max-width: 150px) 100vw, 150px\" \/><\/p>\n","protected":false},"excerpt":{"rendered":"<p>Ag\u00eancia FRizzo Digital Prepare-se para viver momentos inesquec\u00edveis neste carnaval! O Carna\u00c1Guas est\u00e1 chegando e promete agitar a regi\u00e3o, atraindo milhares de foli\u00f5es de todas as partes do Estado de S\u00e3o Paulo e do pa\u00eds! A Pol\u00edcia Militar definiu o hor\u00e1rio para encerramento das apresenta\u00e7\u00f5es, \u00e0s 2h, e todos os munic\u00edpios da regi\u00e3o devem seguir [&hellip;]<\/p>\n","protected":false},"author":2,"featured_media":3542,"comment_status":"open","ping_status":"open","sticky":false,"template":"","format":"standard","meta":{"footnotes":""},"categories":[51],"tags":[],"class_list":["post-3540","post","type-post","status-publish","format-standard","has-post-thumbnail","hentry","category-noticias-regionais"],"_links":{"self":[{"href":"https:\/\/sabuguinho.com.br\/site\/wp-json\/wp\/v2\/posts\/3540","targetHints":{"allow":["GET"]}}],"collection":[{"href":"https:\/\/sabuguinho.com.br\/site\/wp-json\/wp\/v2\/posts"}],"about":[{"href":"https:\/\/sabuguinho.com.br\/site\/wp-json\/wp\/v2\/types\/post"}],"author":[{"embeddable":true,"href":"https:\/\/sabuguinho.com.br\/site\/wp-json\/wp\/v2\/users\/2"}],"replies":[{"embeddable":true,"href":"https:\/\/sabuguinho.com.br\/site\/wp-json\/wp\/v2\/comments?post=3540"}],"version-history":[{"count":1,"href":"https:\/\/sabuguinho.com.br\/site\/wp-json\/wp\/v2\/posts\/3540\/revisions"}],"predecessor-version":[{"id":3543,"href":"https:\/\/sabuguinho.com.br\/site\/wp-json\/wp\/v2\/posts\/3540\/revisions\/3543"}],"wp:featuredmedia":[{"embeddable":true,"href":"https:\/\/sabuguinho.com.br\/site\/wp-json\/wp\/v2\/media\/3542"}],"wp:attachment":[{"href":"https:\/\/sabuguinho.com.br\/site\/wp-json\/wp\/v2\/media?parent=3540"}],"wp:term":[{"taxonomy":"category","embeddable":true,"href":"https:\/\/sabuguinho.com.br\/site\/wp-json\/wp\/v2\/categories?post=3540"},{"taxonomy":"post_tag","embeddable":true,"href":"https:\/\/sabuguinho.com.br\/site\/wp-json\/wp\/v2\/tags?post=3540"}],"curies":[{"name":"wp","href":"https:\/\/api.w.org\/{rel}","templated":true}]}}