{"id":3498,"date":"2024-02-06T11:50:06","date_gmt":"2024-02-06T14:50:06","guid":{"rendered":"https:\/\/sabuguinho.com.br\/site\/?p=3498"},"modified":"2024-02-06T11:50:06","modified_gmt":"2024-02-06T14:50:06","slug":"ex-bbb-sofre-acidente-de-carro-e-passa-por-cirurgia","status":"publish","type":"post","link":"https:\/\/sabuguinho.com.br\/site\/ex-bbb-sofre-acidente-de-carro-e-passa-por-cirurgia\/","title":{"rendered":"Ex-BBB sofre acidente de carro e passa por cirurgia"},"content":{"rendered":"<p>le Brito &#8211; Especial para o Uol<\/p>\n<p>Fernando Fernandes far\u00e1 uma cirurgia no bra\u00e7o direito ap\u00f3s se lesionar enquanto praticava kitesurf. Pelas redes sociais, ele contou que foi hospitalizado para realizar o procedimento para corrigir a ruptura do tend\u00e3o do tr\u00edceps<br \/>\nNa publica\u00e7\u00e3o, o apresentador compartilhou que se machucou h\u00e1 alguns dias e n\u00e3o percebe a gravidade. Fernando ficou parapl\u00e9gico em 2009 ap\u00f3s sofrer um acidente de carro: \u201cQuando as coisas n\u00e3o saem como a gente imagina\u2026 \u00e9 preciso serenidade e f\u00e9! Uns dias atr\u00e1s tive uma les\u00e3o velejando de kite, num salto que j\u00e1 estou acostumado a fazer e que normalmente d\u00e1 certo, enfim, dessa vez n\u00e3o, e no impacto da queda n\u00e3o me dei conta da gravidade da les\u00e3o, ent\u00e3o segui a vida \u2018normalmente\u2019, ou melhor, segui a vida suportando essa dor, como de costume fui levando, j\u00e1 que tinha consulta marcada no Sarah pra fazer meu \u2018check up\u2019 anual, deixei pra ver tudo junto, inclusive o bra\u00e7o lesionado\u201d, come\u00e7ou.<br \/>\nE seguiu dando detalhes: \u201cChegando l\u00e1 passei por todos os exames, cora\u00e7\u00e3o, rins, bexiga, coluna, exames de sangue, tudo em perfeito estado, mas, ainda faltava um \u00faltimo exame, o do bra\u00e7o direito lesionado. E depois de uma longa e chata resson\u00e2ncia, recebi o laudo: \u2018ruptura do tend\u00e3o do tr\u00edceps&#8217;\u201d.<br \/>\nO ex-BBB tamb\u00e9m desabafou sobre seu diagn\u00f3stico: \u201cNa hora bateu aquele desespero, pois j\u00e1 vi o tamanho do problema que viria pela frente, afinal meus bra\u00e7os t\u00eam um papel bem importante na minha vida rs. Enfim, sem muito tempo pra chorar, meti a m\u00e3o no telefone, liguei pra S\u00e3o Paulo pra Dona Maria, e fomos atr\u00e1s de um ortopedista especialista pra tomarmos a melhor decis\u00e3o\u201d.<br \/>\nPor fim, Fernando falou sobre o procedimento: \u201cCheguei em SP fui direto ao m\u00e9dico e depois de um longo papo\u2026 Aqui estou eu, no quarto do hospital esperando o Dr. Ewerton chegar pra fazer uma cirurgia no bra\u00e7o direito e reconectar esse tend\u00e3o do tr\u00edceps\u201d.<br \/>\nNa publica\u00e7\u00e3o, o aresentador compartilhou que se machucou h\u00e1 alguns dias e n\u00e3o percebe a gravidade. Fernando ficou parapl\u00e9gico em 2009 ap\u00f3s sofrer um acidente de carro: \u201cQuando as coisas n\u00e3o saem como a gente imagina\u2026 \u00e9 preciso serenidade e f\u00e9! Uns dias atr\u00e1s tive uma les\u00e3o velejando de kite, num salto que j\u00e1 estou acostumado a fazer e que normalmente d\u00e1 certo, enfim, dessa vez n\u00e3o, e no impacto da queda n\u00e3o me dei conta da gravidade da les\u00e3o, ent\u00e3o segui a vida \u2018normalmente\u2019, ou melhor, segui a vida suportando essa dor, como de costume fui levando, j\u00e1 que tinha consulta marcada no Sarah pra fazer meu \u2018check up\u2019 anual, deixei pra ver tudo junto, inclusive o bra\u00e7o lesionado\u201d, come\u00e7ou<br \/>\nE seguiu dando detalhes: \u201cChegando l\u00e1 passei por todos os exames, cora\u00e7\u00e3o, rins, bexiga, coluna, exames de sangue, tudo em perfeito estado, mas, ainda faltava um \u00faltimo exame, o do bra\u00e7o direito lesionado. E depois de uma longa e chata resson\u00e2ncia, recebi o laudo: \u2018ruptura do tend\u00e3o do tr\u00edceps&#8217;\u201d.<br \/>\nO ex-BBB tamb\u00e9m desabafou sobre seu diagn\u00f3stico: \u201cNa hora bateu aquele desespero, pois j\u00e1 vi o tamanho do problema que viria pela frente, afinal meus bra\u00e7os t\u00eam um papel bem importante na minha vida rs. Enfim, sem muito tempo pra chorar, meti a m\u00e3o no telefone, liguei pra S\u00e3o Paulo pra Dona Maria, e fomos atr\u00e1s de um ortopedista especialista pra tomarmos a melhor decis\u00e3o\u201d.<br \/>\nPor fim, Fernando falou sobre o procedimento: \u201cCheguei em SP fui direto ao m\u00e9dico e depois de um longo papo\u2026 Aqui estou eu, no quarto do hospital esperando o Dr. Ewerton chegar pra fazer uma cirurgia no bra\u00e7o direito e reconectar esse tend\u00e3o do tr\u00edceps\u201d.<\/p>\n","protected":false},"excerpt":{"rendered":"<p>le Brito &#8211; Especial para o Uol Fernando Fernandes far\u00e1 uma cirurgia no bra\u00e7o direito ap\u00f3s se lesionar enquanto praticava kitesurf. Pelas redes sociais, ele contou que foi hospitalizado para realizar o procedimento para corrigir a ruptura do tend\u00e3o do tr\u00edceps Na publica\u00e7\u00e3o, o apresentador compartilhou que se machucou h\u00e1 alguns dias e n\u00e3o percebe [&hellip;]<\/p>\n","protected":false},"author":2,"featured_media":3499,"comment_status":"open","ping_status":"open","sticky":false,"template":"","format":"standard","meta":{"footnotes":""},"categories":[56],"tags":[],"class_list":["post-3498","post","type-post","status-publish","format-standard","has-post-thumbnail","hentry","category-social"],"_links":{"self":[{"href":"https:\/\/sabuguinho.com.br\/site\/wp-json\/wp\/v2\/posts\/3498","targetHints":{"allow":["GET"]}}],"collection":[{"href":"https:\/\/sabuguinho.com.br\/site\/wp-json\/wp\/v2\/posts"}],"about":[{"href":"https:\/\/sabuguinho.com.br\/site\/wp-json\/wp\/v2\/types\/post"}],"author":[{"embeddable":true,"href":"https:\/\/sabuguinho.com.br\/site\/wp-json\/wp\/v2\/users\/2"}],"replies":[{"embeddable":true,"href":"https:\/\/sabuguinho.com.br\/site\/wp-json\/wp\/v2\/comments?post=3498"}],"version-history":[{"count":1,"href":"https:\/\/sabuguinho.com.br\/site\/wp-json\/wp\/v2\/posts\/3498\/revisions"}],"predecessor-version":[{"id":3500,"href":"https:\/\/sabuguinho.com.br\/site\/wp-json\/wp\/v2\/posts\/3498\/revisions\/3500"}],"wp:featuredmedia":[{"embeddable":true,"href":"https:\/\/sabuguinho.com.br\/site\/wp-json\/wp\/v2\/media\/3499"}],"wp:attachment":[{"href":"https:\/\/sabuguinho.com.br\/site\/wp-json\/wp\/v2\/media?parent=3498"}],"wp:term":[{"taxonomy":"category","embeddable":true,"href":"https:\/\/sabuguinho.com.br\/site\/wp-json\/wp\/v2\/categories?post=3498"},{"taxonomy":"post_tag","embeddable":true,"href":"https:\/\/sabuguinho.com.br\/site\/wp-json\/wp\/v2\/tags?post=3498"}],"curies":[{"name":"wp","href":"https:\/\/api.w.org\/{rel}","templated":true}]}}