{"id":34901,"date":"2025-10-10T14:55:40","date_gmt":"2025-10-10T17:55:40","guid":{"rendered":"https:\/\/sabuguinho.com.br\/site\/?p=34901"},"modified":"2025-10-10T14:55:40","modified_gmt":"2025-10-10T17:55:40","slug":"show-do-cantor-daniel-especiais-e-celebracoes-marcam-a-festa-da-padroeira-na-tv-aparecida","status":"publish","type":"post","link":"https:\/\/sabuguinho.com.br\/site\/show-do-cantor-daniel-especiais-e-celebracoes-marcam-a-festa-da-padroeira-na-tv-aparecida\/","title":{"rendered":"Show do cantor Daniel, especiais e celebra\u00e7\u00f5es marcam a Festa da Padroeira na TV Aparecida"},"content":{"rendered":"<p>Novena em honra a Nossa Senhora antecipa as celebra\u00e7\u00f5es do 12 de outubro<\/p>\n<p>A TV Aparecida preparou uma programa\u00e7\u00e3o especial pela comemora\u00e7\u00e3o ao Dia da Padroeira, em 12 de outubro. Durante os dias da Novena, que iniciou na sexta-feira (3\/10) e antecede a festa, a emissora far\u00e1 uma ampla cobertura das missas, novenas e celebra\u00e7\u00f5es, mostrando toda a movimenta\u00e7\u00e3o de fi\u00e9is no Santu\u00e1rio Nacional. Ainda nessas transmiss\u00f5es especiais o canal exibir\u00e1 filmes, o \u201cFestival da Padroeira\u201d, com show de Daniel e convidados como Paula Fernandes e a dupla Guilherme e Santiago., bem como o especial \u201cAparecida: Entre a F\u00e9 e o Milagre\u201d, protagonizado pela atriz Isabel Fillardis.<br \/>\nE no domingo (12\/10), dia da grande festa, a TV Aparecida intensifica sua programa\u00e7\u00e3o com missas solenes, edi\u00e7\u00f5es especiais da \u201cCentral da Padroeira\u201d durante todo o dia e, \u00e0s 16h, a exibi\u00e7\u00e3o de \u201cAparecida: Entre a F\u00e9 e o Milagre\u201d e reexibi\u00e7\u00e3o \u00e0s 21h. A produ\u00e7\u00e3o original da emissora retrata epis\u00f3dios marcantes da devo\u00e7\u00e3o mariana, que envolvem a f\u00e9 em milagres, tais como a pesca milagrosa, a menina cega, a liberta\u00e7\u00e3o do escravo Zacarias e a convers\u00e3o do cavaleiro ateu.<\/p>\n<p>Confira aqui a programa\u00e7\u00e3o especial completa dedicada \u00e0 Festa da Padroeira:<\/p>\n<p>De 3 a 11\/10<\/p>\n<p>14h45 e 18h30: Central da Padroeira<\/p>\n<p>O jornalismo da TV Aparecida realizar\u00e1 entradas ao vivo antes da Novena, com entrevistas e informa\u00e7\u00f5es sobre a movimenta\u00e7\u00e3o de devotos no Santu\u00e1rio Nacional.<\/p>\n<p>15h e 19h: Novena da Padroeira<\/p>\n","protected":false},"excerpt":{"rendered":"<p>Novena em honra a Nossa Senhora antecipa as celebra\u00e7\u00f5es do 12 de outubro A TV Aparecida preparou uma programa\u00e7\u00e3o especial pela comemora\u00e7\u00e3o ao Dia da Padroeira, em 12 de outubro. Durante os dias da Novena, que iniciou na sexta-feira (3\/10) e antecede a festa, a emissora far\u00e1 uma ampla cobertura das missas, novenas e celebra\u00e7\u00f5es, [&hellip;]<\/p>\n","protected":false},"author":2,"featured_media":34902,"comment_status":"open","ping_status":"open","sticky":false,"template":"","format":"standard","meta":{"footnotes":""},"categories":[159],"tags":[],"_links":{"self":[{"href":"https:\/\/sabuguinho.com.br\/site\/wp-json\/wp\/v2\/posts\/34901"}],"collection":[{"href":"https:\/\/sabuguinho.com.br\/site\/wp-json\/wp\/v2\/posts"}],"about":[{"href":"https:\/\/sabuguinho.com.br\/site\/wp-json\/wp\/v2\/types\/post"}],"author":[{"embeddable":true,"href":"https:\/\/sabuguinho.com.br\/site\/wp-json\/wp\/v2\/users\/2"}],"replies":[{"embeddable":true,"href":"https:\/\/sabuguinho.com.br\/site\/wp-json\/wp\/v2\/comments?post=34901"}],"version-history":[{"count":1,"href":"https:\/\/sabuguinho.com.br\/site\/wp-json\/wp\/v2\/posts\/34901\/revisions"}],"predecessor-version":[{"id":34903,"href":"https:\/\/sabuguinho.com.br\/site\/wp-json\/wp\/v2\/posts\/34901\/revisions\/34903"}],"wp:featuredmedia":[{"embeddable":true,"href":"https:\/\/sabuguinho.com.br\/site\/wp-json\/wp\/v2\/media\/34902"}],"wp:attachment":[{"href":"https:\/\/sabuguinho.com.br\/site\/wp-json\/wp\/v2\/media?parent=34901"}],"wp:term":[{"taxonomy":"category","embeddable":true,"href":"https:\/\/sabuguinho.com.br\/site\/wp-json\/wp\/v2\/categories?post=34901"},{"taxonomy":"post_tag","embeddable":true,"href":"https:\/\/sabuguinho.com.br\/site\/wp-json\/wp\/v2\/tags?post=34901"}],"curies":[{"name":"wp","href":"https:\/\/api.w.org\/{rel}","templated":true}]}}