{"id":34881,"date":"2025-10-10T13:10:16","date_gmt":"2025-10-10T16:10:16","guid":{"rendered":"https:\/\/sabuguinho.com.br\/site\/?p=34881"},"modified":"2025-10-10T13:10:16","modified_gmt":"2025-10-10T16:10:16","slug":"stj-confirma-condenacao-de-fernando-cury-por-importunacao-sexual-e-o-torna-inelegivel-por-oito-anos","status":"publish","type":"post","link":"https:\/\/sabuguinho.com.br\/site\/stj-confirma-condenacao-de-fernando-cury-por-importunacao-sexual-e-o-torna-inelegivel-por-oito-anos\/","title":{"rendered":"STJ CONFIRMA CONDENA\u00c7\u00c3O DE FERNANDO CURY POR IMPORTUNA\u00c7\u00c3O SEXUAL E O TORNA INELEG\u00cdVEL POR OITO ANOS"},"content":{"rendered":"<p>Fonte: Folha de SP<\/p>\n<p>O Superior Tribunal de Justi\u00e7a (STJ) manteve a condena\u00e7\u00e3o do ex-deputado estadual Fernando Cury (Uni\u00e3o Brasil-SP) por importuna\u00e7\u00e3o sexual contra a ent\u00e3o deputada Isa Penna (PCdoB-SP) durante uma sess\u00e3o da Assembleia Legislativa de S\u00e3o Paulo (Alesp) em 2020. A informa\u00e7\u00e3o foi publicada inicialmente pelo Jornal Folha de SP na quinta-feira (9), na coluna de M\u00f4nica Bergamo.<br \/>\nCom a decis\u00e3o, Cury torna-se ineleg\u00edvel por oito anos, e n\u00e3o h\u00e1 mais possibilidade de novos recursos por parte da defesa. A ordem de execu\u00e7\u00e3o da pena foi assinada no \u00faltimo dia 30 de setembro pela ju\u00edza Ana Paula Mendes Carneiro, da 18\u00aa Vara Criminal do Tribunal de Justi\u00e7a de S\u00e3o Paulo, ap\u00f3s o processo retornar do STJ.<br \/>\nA Sexta Turma do STJ rejeitou, por unanimidade, o recurso apresentado pela defesa do ex-parlamentar, que pedia sua absolvi\u00e7\u00e3o e a reavalia\u00e7\u00e3o das provas. O relator do caso, ministro Antonio Saldanha Palheiro, destacou que o papel do Tribunal se limita \u00e0 an\u00e1lise de quest\u00f5es de direito, n\u00e3o cabendo nova revis\u00e3o de fatos e provas.<br \/>\nCury foi condenado a 1 ano, 2 meses e 12 dias de pris\u00e3o em regime aberto, al\u00e9m do pagamento de multa equivalente a 20 sal\u00e1rios m\u00ednimos, que dever\u00e1 ser destinada a uma entidade p\u00fablica ou privada. A pena de pris\u00e3o foi substitu\u00edda por presta\u00e7\u00e3o de servi\u00e7os \u00e0 comunidade pelo mesmo per\u00edodo, conforme prev\u00ea o C\u00f3digo Penal para casos de condena\u00e7\u00f5es inferiores a quatro anos quando o r\u00e9u n\u00e3o \u00e9 reincidente.<br \/>\nO epis\u00f3dio ocorreu na noite de 16 de dezembro de 2020, quando as c\u00e2meras da Alesp registraram o momento em que Cury se aproximou de Isa Penna por tr\u00e1s e a apalpou durante uma vota\u00e7\u00e3o no plen\u00e1rio.<\/p>\n","protected":false},"excerpt":{"rendered":"<p>Fonte: Folha de SP O Superior Tribunal de Justi\u00e7a (STJ) manteve a condena\u00e7\u00e3o do ex-deputado estadual Fernando Cury (Uni\u00e3o Brasil-SP) por importuna\u00e7\u00e3o sexual contra a ent\u00e3o deputada Isa Penna (PCdoB-SP) durante uma sess\u00e3o da Assembleia Legislativa de S\u00e3o Paulo (Alesp) em 2020. A informa\u00e7\u00e3o foi publicada inicialmente pelo Jornal Folha de SP na quinta-feira (9), [&hellip;]<\/p>\n","protected":false},"author":2,"featured_media":34882,"comment_status":"open","ping_status":"open","sticky":false,"template":"","format":"standard","meta":{"footnotes":""},"categories":[156],"tags":[],"_links":{"self":[{"href":"https:\/\/sabuguinho.com.br\/site\/wp-json\/wp\/v2\/posts\/34881"}],"collection":[{"href":"https:\/\/sabuguinho.com.br\/site\/wp-json\/wp\/v2\/posts"}],"about":[{"href":"https:\/\/sabuguinho.com.br\/site\/wp-json\/wp\/v2\/types\/post"}],"author":[{"embeddable":true,"href":"https:\/\/sabuguinho.com.br\/site\/wp-json\/wp\/v2\/users\/2"}],"replies":[{"embeddable":true,"href":"https:\/\/sabuguinho.com.br\/site\/wp-json\/wp\/v2\/comments?post=34881"}],"version-history":[{"count":1,"href":"https:\/\/sabuguinho.com.br\/site\/wp-json\/wp\/v2\/posts\/34881\/revisions"}],"predecessor-version":[{"id":34883,"href":"https:\/\/sabuguinho.com.br\/site\/wp-json\/wp\/v2\/posts\/34881\/revisions\/34883"}],"wp:featuredmedia":[{"embeddable":true,"href":"https:\/\/sabuguinho.com.br\/site\/wp-json\/wp\/v2\/media\/34882"}],"wp:attachment":[{"href":"https:\/\/sabuguinho.com.br\/site\/wp-json\/wp\/v2\/media?parent=34881"}],"wp:term":[{"taxonomy":"category","embeddable":true,"href":"https:\/\/sabuguinho.com.br\/site\/wp-json\/wp\/v2\/categories?post=34881"},{"taxonomy":"post_tag","embeddable":true,"href":"https:\/\/sabuguinho.com.br\/site\/wp-json\/wp\/v2\/tags?post=34881"}],"curies":[{"name":"wp","href":"https:\/\/api.w.org\/{rel}","templated":true}]}}