{"id":34832,"date":"2025-10-09T13:49:05","date_gmt":"2025-10-09T16:49:05","guid":{"rendered":"https:\/\/sabuguinho.com.br\/site\/?p=34832"},"modified":"2025-10-09T13:57:14","modified_gmt":"2025-10-09T16:57:14","slug":"avare-colonia-espirita-fraternidade-realizara-o-bazar-do-preco-minimo-em-avare","status":"publish","type":"post","link":"https:\/\/sabuguinho.com.br\/site\/avare-colonia-espirita-fraternidade-realizara-o-bazar-do-preco-minimo-em-avare\/","title":{"rendered":"Avar\u00e9 &#8211; COL\u00d4NIA ESP\u00cdRITA FRATERNIDADE REALIZAR\u00c1 O BAZAR DO PRE\u00c7O M\u00cdNIMO EM AVAR\u00c9"},"content":{"rendered":"<p>A Col\u00f4nia Esp\u00edrita Fraternidade de Avar\u00e9 anuncia a chegada do seu Bazar do Pre\u00e7o M\u00ednimo, uma grande queima de estoque solid\u00e1ria com itens a pre\u00e7os imperd\u00edveis. O evento \u00e9 uma excelente oportunidade para o p\u00fablico economizar e, ao mesmo tempo, contribuir com a obra social da institui\u00e7\u00e3o.<br \/>\nO bazar ser\u00e1 realizado no dia 18 de outubro, quinta-feira, e funcionar\u00e1 das 12h \u00e0s 17h.<br \/>\nA Col\u00f4nia Esp\u00edrita Fraternidade preparou uma variedade de produtos para a venda, que incluem roupas seminovas, artigos, acess\u00f3rios, utens\u00edlios e muito mais.<br \/>\nPara garantir a economia do p\u00fablico, o bazar funcionar\u00e1 em dois espa\u00e7os distintos, cada um com um pre\u00e7o fixo por pe\u00e7a:<br \/>\nNa Quadra: Todos os itens ser\u00e3o vendidos por apenas R$ 1,00 a pe\u00e7a.<br \/>\nNo Sal\u00e3o: Os produtos estar\u00e3o dispon\u00edveis pelo valor fixo de R$ 3,00 a pe\u00e7a.<br \/>\nA iniciativa da Queima de Estoque refor\u00e7a a proposta de oferecer economia para o consumidor e gerar recursos para as atividades da Col\u00f4nia Esp\u00edrita Fraternidade.<br \/>\nO Bazar do Pre\u00e7o M\u00ednimo acontece na Col\u00f4nia Esp\u00edrita Fraternidade, localizada na Rua do Beija-Flor, n\u00ba 81, no Bairro Ipiranga, em Avar\u00e9.<\/p>\n<p><img loading=\"lazy\" decoding=\"async\" src=\"https:\/\/sabuguinho.com.br\/site\/wp-content\/uploads\/2025\/10\/Screenshot_5-106x150.png\" alt=\"\" width=\"106\" height=\"150\" class=\"alignnone size-medium wp-image-34842\" srcset=\"https:\/\/sabuguinho.com.br\/site\/wp-content\/uploads\/2025\/10\/Screenshot_5-106x150.png 106w, https:\/\/sabuguinho.com.br\/site\/wp-content\/uploads\/2025\/10\/Screenshot_5-361x512.png 361w, https:\/\/sabuguinho.com.br\/site\/wp-content\/uploads\/2025\/10\/Screenshot_5.png 494w\" sizes=\"(max-width: 106px) 100vw, 106px\" \/><\/p>\n","protected":false},"excerpt":{"rendered":"<p>A Col\u00f4nia Esp\u00edrita Fraternidade de Avar\u00e9 anuncia a chegada do seu Bazar do Pre\u00e7o M\u00ednimo, uma grande queima de estoque solid\u00e1ria com itens a pre\u00e7os imperd\u00edveis. O evento \u00e9 uma excelente oportunidade para o p\u00fablico economizar e, ao mesmo tempo, contribuir com a obra social da institui\u00e7\u00e3o. O bazar ser\u00e1 realizado no dia 18 de [&hellip;]<\/p>\n","protected":false},"author":2,"featured_media":34835,"comment_status":"open","ping_status":"open","sticky":false,"template":"","format":"standard","meta":{"footnotes":""},"categories":[65],"tags":[],"_links":{"self":[{"href":"https:\/\/sabuguinho.com.br\/site\/wp-json\/wp\/v2\/posts\/34832"}],"collection":[{"href":"https:\/\/sabuguinho.com.br\/site\/wp-json\/wp\/v2\/posts"}],"about":[{"href":"https:\/\/sabuguinho.com.br\/site\/wp-json\/wp\/v2\/types\/post"}],"author":[{"embeddable":true,"href":"https:\/\/sabuguinho.com.br\/site\/wp-json\/wp\/v2\/users\/2"}],"replies":[{"embeddable":true,"href":"https:\/\/sabuguinho.com.br\/site\/wp-json\/wp\/v2\/comments?post=34832"}],"version-history":[{"count":3,"href":"https:\/\/sabuguinho.com.br\/site\/wp-json\/wp\/v2\/posts\/34832\/revisions"}],"predecessor-version":[{"id":34844,"href":"https:\/\/sabuguinho.com.br\/site\/wp-json\/wp\/v2\/posts\/34832\/revisions\/34844"}],"wp:featuredmedia":[{"embeddable":true,"href":"https:\/\/sabuguinho.com.br\/site\/wp-json\/wp\/v2\/media\/34835"}],"wp:attachment":[{"href":"https:\/\/sabuguinho.com.br\/site\/wp-json\/wp\/v2\/media?parent=34832"}],"wp:term":[{"taxonomy":"category","embeddable":true,"href":"https:\/\/sabuguinho.com.br\/site\/wp-json\/wp\/v2\/categories?post=34832"},{"taxonomy":"post_tag","embeddable":true,"href":"https:\/\/sabuguinho.com.br\/site\/wp-json\/wp\/v2\/tags?post=34832"}],"curies":[{"name":"wp","href":"https:\/\/api.w.org\/{rel}","templated":true}]}}