{"id":34814,"date":"2025-10-09T11:23:17","date_gmt":"2025-10-09T14:23:17","guid":{"rendered":"https:\/\/sabuguinho.com.br\/site\/?p=34814"},"modified":"2025-10-09T11:23:22","modified_gmt":"2025-10-09T14:23:22","slug":"evento-festa-das-criancas-acontece-neste-domingo-12-no-largo-sao-joao","status":"publish","type":"post","link":"https:\/\/sabuguinho.com.br\/site\/evento-festa-das-criancas-acontece-neste-domingo-12-no-largo-sao-joao\/","title":{"rendered":"EVENTO *Festa das Crian\u00e7as acontece neste domingo, 12, no Largo S\u00e3o Jo\u00e3o"},"content":{"rendered":"<p>Evento que tem in\u00edcio \u00e0s 13 horas vai contar com distribui\u00e7\u00e3o de pipocas, sorvetes, algod\u00e3o-doce e muitas brincadeiras_ <\/p>\n<p>O Fundo Social de Solidariedade convida pequenas e pequenos de Avar\u00e9 para uma tarde cheia de divers\u00e3o no Dia das Crian\u00e7as.<br \/>\n\u201c\u00c9 uma oportunidade de lazer e entretenimento para toda a fam\u00edlia\u201d, convida a primeira-dama Erika Araujo, presidente do Fundo Social de Solidariedade.<br \/>\nO evento aberto ao p\u00fablico acontece neste domingo, 12, das 13h \u00e0s 17 horas, no Largo S\u00e3o Jo\u00e3o.<br \/>\nA festa vai contar com distribui\u00e7\u00e3o de pipocas, sorvetes e algod\u00e3o-doce, al\u00e9m de brinquedos infl\u00e1veis e muitas brincadeiras.<br \/>\nA Festa das Crian\u00e7as \u00e9 uma realiza\u00e7\u00e3o do Fundo Social, com apoio do prefeito Roberto Araujo.<\/p>\n","protected":false},"excerpt":{"rendered":"<p>Evento que tem in\u00edcio \u00e0s 13 horas vai contar com distribui\u00e7\u00e3o de pipocas, sorvetes, algod\u00e3o-doce e muitas brincadeiras_ O Fundo Social de Solidariedade convida pequenas e pequenos de Avar\u00e9 para uma tarde cheia de divers\u00e3o no Dia das Crian\u00e7as. \u201c\u00c9 uma oportunidade de lazer e entretenimento para toda a fam\u00edlia\u201d, convida a primeira-dama Erika Araujo, [&hellip;]<\/p>\n","protected":false},"author":2,"featured_media":34815,"comment_status":"open","ping_status":"open","sticky":false,"template":"","format":"standard","meta":{"footnotes":""},"categories":[121],"tags":[],"_links":{"self":[{"href":"https:\/\/sabuguinho.com.br\/site\/wp-json\/wp\/v2\/posts\/34814"}],"collection":[{"href":"https:\/\/sabuguinho.com.br\/site\/wp-json\/wp\/v2\/posts"}],"about":[{"href":"https:\/\/sabuguinho.com.br\/site\/wp-json\/wp\/v2\/types\/post"}],"author":[{"embeddable":true,"href":"https:\/\/sabuguinho.com.br\/site\/wp-json\/wp\/v2\/users\/2"}],"replies":[{"embeddable":true,"href":"https:\/\/sabuguinho.com.br\/site\/wp-json\/wp\/v2\/comments?post=34814"}],"version-history":[{"count":1,"href":"https:\/\/sabuguinho.com.br\/site\/wp-json\/wp\/v2\/posts\/34814\/revisions"}],"predecessor-version":[{"id":34819,"href":"https:\/\/sabuguinho.com.br\/site\/wp-json\/wp\/v2\/posts\/34814\/revisions\/34819"}],"wp:featuredmedia":[{"embeddable":true,"href":"https:\/\/sabuguinho.com.br\/site\/wp-json\/wp\/v2\/media\/34815"}],"wp:attachment":[{"href":"https:\/\/sabuguinho.com.br\/site\/wp-json\/wp\/v2\/media?parent=34814"}],"wp:term":[{"taxonomy":"category","embeddable":true,"href":"https:\/\/sabuguinho.com.br\/site\/wp-json\/wp\/v2\/categories?post=34814"},{"taxonomy":"post_tag","embeddable":true,"href":"https:\/\/sabuguinho.com.br\/site\/wp-json\/wp\/v2\/tags?post=34814"}],"curies":[{"name":"wp","href":"https:\/\/api.w.org\/{rel}","templated":true}]}}