{"id":3481,"date":"2024-02-05T20:55:08","date_gmt":"2024-02-05T23:55:08","guid":{"rendered":"https:\/\/sabuguinho.com.br\/site\/?p=3481"},"modified":"2024-02-05T20:55:08","modified_gmt":"2024-02-05T23:55:08","slug":"rei-charles-iii-e-diagnosticado-com-cancer","status":"publish","type":"post","link":"https:\/\/sabuguinho.com.br\/site\/rei-charles-iii-e-diagnosticado-com-cancer\/","title":{"rendered":"Rei Charles III \u00e9 diagnosticado com c\u00e2ncer"},"content":{"rendered":"<p>Descoberta foi feita durante realiza\u00e7\u00e3o<br \/>\nde outro procedimento m\u00e9dico.<\/p>\n<p>.O Pal\u00e1cio de Buckingham, resid\u00eancia oficial do monarca do Reino Unido, informou que o rei Charles III est\u00e1 com c\u00e2ncer. O pronunciamento relata que o rei passou recentemente por um procedimento m\u00e9dico em raz\u00e3o de um aumento benigno da pr\u00f3stata. Nesse momento, os m\u00e9dicos perceberam um poss\u00edvel problema n\u00e3o relacionado com o procedimento original.<br \/>\n\u201cTestes diagn\u00f3sticos subsequentes identificaram uma forma de c\u00e2ncer\u201d, afirmou o Pal\u00e1cio de Buckingham, em nota. N\u00e3o houve especifica\u00e7\u00e3o do tipo de c\u00e2ncer que foi encontrado. A nota afirma tamb\u00e9m que Charles III est\u00e1 otimista com o tratamento e ansioso para retornar aos compromissos p\u00fablicos assim que poss\u00edvel. Ele, no entanto, n\u00e3o ficar\u00e1 afastado totalmente dos seus deveres como rei, e dever\u00e1 despachar em seu gabinete, no pr\u00f3prio pal\u00e1cio.<br \/>\n\u201cSua Majestade escolheu compartilhar seu diagn\u00f3stico para prevenir especula\u00e7\u00f5es e acredita que isso ajudar\u00e1 na compreens\u00e3o p\u00fablica por todos ao redor do mundo que s\u00e3o afetados pelo c\u00e2ncer\u201d, finaliza a nota.<br \/>\nCharles III se tornou rei da Inglaterra aos 74 anos, no dia 6 de maio de 2023, ap\u00f3s a morte de sua m\u00e3e, a rainha Elizabeth II. Ela ficou no trono por 70 anos, o maior reinado brit\u00e2nico. Nenhum outro herdeiro do trono da Inglaterra esperou tanto tempo para ser coroado.<\/p>\n<p>Edi\u00e7\u00e3o: Marcelo Brand\u00e3o<\/p>\n","protected":false},"excerpt":{"rendered":"<p>Descoberta foi feita durante realiza\u00e7\u00e3o de outro procedimento m\u00e9dico. .O Pal\u00e1cio de Buckingham, resid\u00eancia oficial do monarca do Reino Unido, informou que o rei Charles III est\u00e1 com c\u00e2ncer. O pronunciamento relata que o rei passou recentemente por um procedimento m\u00e9dico em raz\u00e3o de um aumento benigno da pr\u00f3stata. Nesse momento, os m\u00e9dicos perceberam um [&hellip;]<\/p>\n","protected":false},"author":2,"featured_media":3482,"comment_status":"open","ping_status":"open","sticky":false,"template":"","format":"standard","meta":{"footnotes":""},"categories":[1],"tags":[],"class_list":["post-3481","post","type-post","status-publish","format-standard","has-post-thumbnail","hentry","category-politicas-em-geral"],"_links":{"self":[{"href":"https:\/\/sabuguinho.com.br\/site\/wp-json\/wp\/v2\/posts\/3481","targetHints":{"allow":["GET"]}}],"collection":[{"href":"https:\/\/sabuguinho.com.br\/site\/wp-json\/wp\/v2\/posts"}],"about":[{"href":"https:\/\/sabuguinho.com.br\/site\/wp-json\/wp\/v2\/types\/post"}],"author":[{"embeddable":true,"href":"https:\/\/sabuguinho.com.br\/site\/wp-json\/wp\/v2\/users\/2"}],"replies":[{"embeddable":true,"href":"https:\/\/sabuguinho.com.br\/site\/wp-json\/wp\/v2\/comments?post=3481"}],"version-history":[{"count":1,"href":"https:\/\/sabuguinho.com.br\/site\/wp-json\/wp\/v2\/posts\/3481\/revisions"}],"predecessor-version":[{"id":3483,"href":"https:\/\/sabuguinho.com.br\/site\/wp-json\/wp\/v2\/posts\/3481\/revisions\/3483"}],"wp:featuredmedia":[{"embeddable":true,"href":"https:\/\/sabuguinho.com.br\/site\/wp-json\/wp\/v2\/media\/3482"}],"wp:attachment":[{"href":"https:\/\/sabuguinho.com.br\/site\/wp-json\/wp\/v2\/media?parent=3481"}],"wp:term":[{"taxonomy":"category","embeddable":true,"href":"https:\/\/sabuguinho.com.br\/site\/wp-json\/wp\/v2\/categories?post=3481"},{"taxonomy":"post_tag","embeddable":true,"href":"https:\/\/sabuguinho.com.br\/site\/wp-json\/wp\/v2\/tags?post=3481"}],"curies":[{"name":"wp","href":"https:\/\/api.w.org\/{rel}","templated":true}]}}