{"id":347,"date":"2023-10-31T20:40:49","date_gmt":"2023-10-31T23:40:49","guid":{"rendered":"https:\/\/sabuguinho.com.br\/site\/?p=347"},"modified":"2023-10-31T20:40:49","modified_gmt":"2023-10-31T23:40:49","slug":"sessoes-ordinarias-na-camara-passam-a-ser-realizadas-as-tercas-feiras","status":"publish","type":"post","link":"https:\/\/sabuguinho.com.br\/site\/sessoes-ordinarias-na-camara-passam-a-ser-realizadas-as-tercas-feiras\/","title":{"rendered":"Sess\u00f5es ordin\u00e1rias na C\u00e2mara passam a ser realizadas \u00e0s ter\u00e7as-feiras"},"content":{"rendered":"<p>DA ASSESSORIA<\/p>\n<p>Projeto de Resolu\u00e7\u00e3o de autoria da Mesa Diretora foi aprovado por unanimidade<br \/>\nDe forma un\u00e2nime, o Projeto de Resolu\u00e7\u00e3o 08\/2023 de autoria da Mesa Diretora da C\u00e2mara foi aprovado na sess\u00e3o ordin\u00e1ria de segunda-feira, 30. O projeto dispunha sobre mudan\u00e7a do dia de realiza\u00e7\u00e3o das sess\u00f5es ordin\u00e1rias, que agora passam a ocorrer nas noites de ter\u00e7as-feiras, j\u00e1 a partir do dia 7 de novembro.<br \/>\nOs treze vereadores foram favor\u00e1veis \u00e0 altera\u00e7\u00e3o, e n\u00e3o houve nenhum pronunciamento a respeito durante a vota\u00e7\u00e3o. Todos acataram a justificativa dada pela Mesa Diretora, de que a mudan\u00e7a de segunda para ter\u00e7a-feira ir\u00e1 proporcionar um melhor funcionamento dos tr\u00e2mites internos da C\u00e2mara Municipal, uma vez que possibilitar\u00e1 maior tempo h\u00e1bil para apresenta\u00e7\u00e3o de proposituras por partes dos vereadores.<br \/>\nA pr\u00f3xima sess\u00e3o ordin\u00e1ria, a 32\u00aa do exerc\u00edcio de 2023, ocorrer\u00e1 na ter\u00e7a-feira, dia 7 de novembro, a partir das 19 horas, sempre com transmiss\u00e3o ao vivo pelos canais digitais da C\u00e2mara.<\/p>\n","protected":false},"excerpt":{"rendered":"<p>DA ASSESSORIA Projeto de Resolu\u00e7\u00e3o de autoria da Mesa Diretora foi aprovado por unanimidade De forma un\u00e2nime, o Projeto de Resolu\u00e7\u00e3o 08\/2023 de autoria da Mesa Diretora da C\u00e2mara foi aprovado na sess\u00e3o ordin\u00e1ria de segunda-feira, 30. O projeto dispunha sobre mudan\u00e7a do dia de realiza\u00e7\u00e3o das sess\u00f5es ordin\u00e1rias, que agora passam a ocorrer nas [&hellip;]<\/p>\n","protected":false},"author":2,"featured_media":348,"comment_status":"open","ping_status":"open","sticky":false,"template":"","format":"standard","meta":{"footnotes":""},"categories":[58],"tags":[],"_links":{"self":[{"href":"https:\/\/sabuguinho.com.br\/site\/wp-json\/wp\/v2\/posts\/347"}],"collection":[{"href":"https:\/\/sabuguinho.com.br\/site\/wp-json\/wp\/v2\/posts"}],"about":[{"href":"https:\/\/sabuguinho.com.br\/site\/wp-json\/wp\/v2\/types\/post"}],"author":[{"embeddable":true,"href":"https:\/\/sabuguinho.com.br\/site\/wp-json\/wp\/v2\/users\/2"}],"replies":[{"embeddable":true,"href":"https:\/\/sabuguinho.com.br\/site\/wp-json\/wp\/v2\/comments?post=347"}],"version-history":[{"count":1,"href":"https:\/\/sabuguinho.com.br\/site\/wp-json\/wp\/v2\/posts\/347\/revisions"}],"predecessor-version":[{"id":349,"href":"https:\/\/sabuguinho.com.br\/site\/wp-json\/wp\/v2\/posts\/347\/revisions\/349"}],"wp:featuredmedia":[{"embeddable":true,"href":"https:\/\/sabuguinho.com.br\/site\/wp-json\/wp\/v2\/media\/348"}],"wp:attachment":[{"href":"https:\/\/sabuguinho.com.br\/site\/wp-json\/wp\/v2\/media?parent=347"}],"wp:term":[{"taxonomy":"category","embeddable":true,"href":"https:\/\/sabuguinho.com.br\/site\/wp-json\/wp\/v2\/categories?post=347"},{"taxonomy":"post_tag","embeddable":true,"href":"https:\/\/sabuguinho.com.br\/site\/wp-json\/wp\/v2\/tags?post=347"}],"curies":[{"name":"wp","href":"https:\/\/api.w.org\/{rel}","templated":true}]}}