{"id":34342,"date":"2025-10-02T12:23:20","date_gmt":"2025-10-02T15:23:20","guid":{"rendered":"https:\/\/sabuguinho.com.br\/site\/?p=34342"},"modified":"2025-10-02T12:23:20","modified_gmt":"2025-10-02T15:23:20","slug":"cultura-42a-fampop-traz-de-volta-encontro-de-letristas-que-sera-coordenado-pelo-professor-pasquale","status":"publish","type":"post","link":"https:\/\/sabuguinho.com.br\/site\/cultura-42a-fampop-traz-de-volta-encontro-de-letristas-que-sera-coordenado-pelo-professor-pasquale\/","title":{"rendered":"CULTURA  42\u00aa Fampop traz de volta Encontro de Letristas, que ser\u00e1 coordenado pelo professor Pasquale"},"content":{"rendered":"<p>Evento paralelo que fez hist\u00f3ria no festival acontece no s\u00e1bado, 11, \u00e0s 16h30, no Projeto Cord\u00e3o<\/p>\n<p>A 42\u00aa Feira Avareense da M\u00fasica Popular (Fampop), que acontece de 9 a 12 de outubro na Concha Ac\u00fastica, traz de volta um dos eventos paralelos que fizeram hist\u00f3ria.<br \/>\nTrata-se do Encontro de Letristas, que ser\u00e1 realizado no s\u00e1bado, 11, \u00e0s 16h30, no Projeto Cord\u00e3o, sob a coordena\u00e7\u00e3o do professor Pasquale Cipro Neto, ex-apresentador do antol\u00f3gico programa \u201cNossa L\u00edngua Portuguesa\u201d e refer\u00eancia nacional no tema.<br \/>\nIdealizado pelo m\u00fasico Juca Novaes na 19\u00aa Fampop, o Encontro de Letristas j\u00e1 recebeu alguns dos mais importantes autores da hist\u00f3ria da M\u00fasica Popular Brasileira (MPB).<br \/>\nO evento \u00e9 aberto ao p\u00fablico. A proposta \u00e9 discutir o processo de cria\u00e7\u00e3o de grandes compositores brasileiros.<br \/>\n\u201cM\u00fasicos e interessados em composi\u00e7\u00e3o ter\u00e3o a chance de participar desse debate\u201d, destaca Thais Francini, secret\u00e1ria Municipal da Cultura.<br \/>\nParticipam da edi\u00e7\u00e3o a poetisa Alice Ruiz, que tem letras em parceria com Arnaldo Antunes, Zeca Baleiro e Itamar Assump\u00e7\u00e3o, entre outros.<br \/>\nOutro participante \u00e9 o compositor Carlos Renn\u00f3, autor, dentre outras importantes can\u00e7\u00f5es, da letra de \u201cEscrito nas Estrelas\u201d, can\u00e7\u00e3o gravada por Tet\u00ea Esp\u00edndola nos anos 80 que voltou a fazer sucesso recentemente.<br \/>\nO cantor e compositor Celso Vi\u00e1fora, vencedor da segunda edi\u00e7\u00e3o da Fampop, em 1984, e parceiro de Ivan Lins, Francis Hime e outros importantes artistas, tamb\u00e9m vai participar do Encontro de Letristas.<br \/>\nO Projeto Cord\u00e3o fica na Travessa Verg\u00edlio de Ara\u00fajo Valim, n\u00ba 167, Distrito Industrial Primavera.<\/p>\n<p>Programa\u00e7\u00e3o musical<\/p>\n<p>A 42\u00aa Fampop \u00e9 aberta ao p\u00fablico. A edi\u00e7\u00e3o que promete refundar um dos mais importantes festivais musicais do pa\u00eds \u00e9 uma realiza\u00e7\u00e3o do Governo Roberto Araujo, por meio da Secretaria Municipal da Cultura, com apoio da Associa\u00e7\u00e3o Paulista dos Amigos da Arte (APAA).<br \/>\nA programa\u00e7\u00e3o musical \u00e9 repleta de simbologia, j\u00e1 que v\u00e3o subir ao palco artistas que possuem um v\u00ednculo com a Fampop.<br \/>\nJovem talento da m\u00fasica, a avareense Maria Fernanda Freitas se apresenta na quinta-feira, 9. A cantora foi a vencedora da edi\u00e7\u00e3o 2024 da Fampopinha Estudantil, porta de entrada para a feira nacional.<br \/>\nO m\u00fasico Jo\u00e3o Gabriel, que tem trajet\u00f3ria estabelecida no meio musical avareense, sobe ao palco na sexta-feira, 10. O cantor e instrumentista ganhou o pr\u00eamio de melhor m\u00fasica avareense na Fampop de 2023.<br \/>\nJ\u00e1 o 5 a Seco, um dos nomes mais conhecidos da nova MPB, \u00e9 atra\u00e7\u00e3o no s\u00e1bado, 11.<br \/>\nO grupo paulistano formado por Leo Bianchini, Pedro Alt\u00e9rio, Pedro Vi\u00e1fora, T\u00f3 Brandileone e Vinicius Calderoni n\u00e3o foi escolhido por acaso: seus integrantes j\u00e1 concorreram em edi\u00e7\u00f5es anteriores da Fampop, sendo que uma das can\u00e7\u00f5es premiadas no festival, &#8220;Pra Voc\u00ea Dar o Nome&#8221;, se tornou um sucesso nacional.<\/p>\n<p>Patrono: Chico C\u00e9sar<\/p>\n<p>Estrela da MPB, o cantor e compositor Chico C\u00e9sar \u00e9 o patrono da 42\u00aa Fampop. O paraibano faz o show de encerramento no domingo, 12.<br \/>\nA escolha n\u00e3o \u00e9 aleat\u00f3ria. Foi na Fampop de 1991 que Chico C\u00e9sar apresentou, pela primeira vez, a m\u00fasica \u201cBerad\u00earo\u201d, uma das can\u00e7\u00f5es mais importantes de sua carreira, e que foi escolhida, em 2002, por um j\u00fari especializado, como a melhor m\u00fasica dos primeiros 20 anos da Fampop.<br \/>\nChico C\u00e9sar, concorrente na edi\u00e7\u00e3o daquele ano, ainda n\u00e3o era conhecido nacionalmente. Seu primeiro disco s\u00f3 seria lan\u00e7ado em 1995.<br \/>\nChico \u00e9 hoje um artista de renome internacional, e enfileirou sucessos em sua carreira como &#8220;\u00c0 Primeira Vista&#8221;, &#8220;Mama \u00c1frica&#8221;, e &#8220;Deus me Proteja&#8221;, dentre muitas outras.<\/p>\n<p>Premia\u00e7\u00e3o<\/p>\n<p>As can\u00e7\u00f5es que concorrem \u00e0 42\u00aa Fampop podem ser conferidas no Instagram e Facebook da Prefeitura da Est\u00e2ncia Tur\u00edstica de Avar\u00e9.<br \/>\nO j\u00fari da 42\u00aa Fampop ser\u00e1 composto por Pasquale Cipro Neto, Alice Ruiz, Carlos Renn\u00f3 e Celso Vi\u00e1fora.<br \/>\nA vencedora ser\u00e1 premiada com R$ 18 mil, al\u00e9m de tr\u00eas di\u00e1rias no Gargol\u00e2ndia, est\u00fadio onde j\u00e1 gravaram Ivan Lins, Hermeto Pascoal e outros nomes da MPB.<br \/>\nJ\u00e1 a 2\u00aa colocada e o 3\u00ba lugar v\u00e3o levar pra casa R$ 10 mil e R$ 8 mil, respectivamente.<br \/>\nAs categorias Melhor M\u00fasica Instrumental e Melhor Int\u00e9rprete ser\u00e3o premiadas com R$ 3 mil cada.<br \/>\nFechando a premia\u00e7\u00e3o, as vencedoras das categorias Melhor M\u00fasica Avareense e Aclama\u00e7\u00e3o Popular v\u00e3o ganhar R$ 1.500 cada uma.<\/p>\n","protected":false},"excerpt":{"rendered":"<p>Evento paralelo que fez hist\u00f3ria no festival acontece no s\u00e1bado, 11, \u00e0s 16h30, no Projeto Cord\u00e3o A 42\u00aa Feira Avareense da M\u00fasica Popular (Fampop), que acontece de 9 a 12 de outubro na Concha Ac\u00fastica, traz de volta um dos eventos paralelos que fizeram hist\u00f3ria. Trata-se do Encontro de Letristas, que ser\u00e1 realizado no s\u00e1bado, [&hellip;]<\/p>\n","protected":false},"author":2,"featured_media":34343,"comment_status":"open","ping_status":"open","sticky":false,"template":"","format":"standard","meta":{"footnotes":""},"categories":[58,56],"tags":[],"_links":{"self":[{"href":"https:\/\/sabuguinho.com.br\/site\/wp-json\/wp\/v2\/posts\/34342"}],"collection":[{"href":"https:\/\/sabuguinho.com.br\/site\/wp-json\/wp\/v2\/posts"}],"about":[{"href":"https:\/\/sabuguinho.com.br\/site\/wp-json\/wp\/v2\/types\/post"}],"author":[{"embeddable":true,"href":"https:\/\/sabuguinho.com.br\/site\/wp-json\/wp\/v2\/users\/2"}],"replies":[{"embeddable":true,"href":"https:\/\/sabuguinho.com.br\/site\/wp-json\/wp\/v2\/comments?post=34342"}],"version-history":[{"count":1,"href":"https:\/\/sabuguinho.com.br\/site\/wp-json\/wp\/v2\/posts\/34342\/revisions"}],"predecessor-version":[{"id":34344,"href":"https:\/\/sabuguinho.com.br\/site\/wp-json\/wp\/v2\/posts\/34342\/revisions\/34344"}],"wp:featuredmedia":[{"embeddable":true,"href":"https:\/\/sabuguinho.com.br\/site\/wp-json\/wp\/v2\/media\/34343"}],"wp:attachment":[{"href":"https:\/\/sabuguinho.com.br\/site\/wp-json\/wp\/v2\/media?parent=34342"}],"wp:term":[{"taxonomy":"category","embeddable":true,"href":"https:\/\/sabuguinho.com.br\/site\/wp-json\/wp\/v2\/categories?post=34342"},{"taxonomy":"post_tag","embeddable":true,"href":"https:\/\/sabuguinho.com.br\/site\/wp-json\/wp\/v2\/tags?post=34342"}],"curies":[{"name":"wp","href":"https:\/\/api.w.org\/{rel}","templated":true}]}}