{"id":343,"date":"2023-10-31T20:33:36","date_gmt":"2023-10-31T23:33:36","guid":{"rendered":"https:\/\/sabuguinho.com.br\/site\/?p=343"},"modified":"2023-10-31T20:33:36","modified_gmt":"2023-10-31T23:33:36","slug":"sessao-ordinaria-teve-entrega-do-premio-professor-destaque","status":"publish","type":"post","link":"https:\/\/sabuguinho.com.br\/site\/sessao-ordinaria-teve-entrega-do-premio-professor-destaque\/","title":{"rendered":"SESS\u00c3O ORDIN\u00c1RIA TEVE ENTREGA DO PR\u00caMIO \u201cPROFESSOR DESTAQUE\u201d"},"content":{"rendered":"<p>Essa foi a primeira edi\u00e7\u00e3o da honraria que deve ser entregue anualmente no m\u00eas de outubro<br \/>\nAprovado em novembro de 2022, a primeira edi\u00e7\u00e3o do Pr\u00eamio \u201cProfessor Destaque\u201d foi entregue na noite de segunda-feira, 30, durante a 31\u00aa sess\u00e3o ordin\u00e1ria do ano da C\u00e2mara de Vereadores de Avar\u00e9<br \/>\nA honraria \u00e9 fruto do Decreto Legislativo 358\/2022, originado de projeto apresentado pelo vereador Hidalgo Andr\u00e9 de Freitas que disp\u00f5e sobre premia\u00e7\u00e3o destinada a professores da Rede Municipal de Ensino, que se destacaram ao longo do ano letivo pelo trabalho inovador, criativo e transformador, visando a melhoria dos processos de ensino do munic\u00edpio.<br \/>\nNesta primeira edi\u00e7\u00e3o do pr\u00eamio, que deve ser entregue anualmente no m\u00eas de outubro, em virtude do Dia do Professor (15\/10), atrav\u00e9s de indica\u00e7\u00e3o da Secretaria Municipal da Educa\u00e7\u00e3o, foram homenageadas as professoras Ana Rita Leal Quirino, Sandra Regina Gon\u00e7alves F\u00e9lix e Elizabete Avelina da Silva Deolin.<br \/>\nO ato solene contou com a presen\u00e7a da secret\u00e1ria municipal da Educa\u00e7\u00e3o, Josiane Lopes de Medeiros, e tamb\u00e9m de v\u00e1rias professoras e professores, bem como servidores da \u00e1rea educacional do munic\u00edpio.<br \/>\nAp\u00f3s a leitura do decreto pelo presidente Tenente Carlos Wagner, as professoras foram agraciadas com diplomas e foram saudadas com grande salva de palmas pelo p\u00fablico presente.  <\/p>\n<p><img loading=\"lazy\" decoding=\"async\" src=\"https:\/\/sabuguinho.com.br\/site\/wp-content\/uploads\/2023\/10\/professoras-homenageadas-150x122.jpg\" alt=\"\" width=\"150\" height=\"122\" class=\"alignnone size-medium wp-image-344\" srcset=\"https:\/\/sabuguinho.com.br\/site\/wp-content\/uploads\/2023\/10\/professoras-homenageadas-150x122.jpg 150w, https:\/\/sabuguinho.com.br\/site\/wp-content\/uploads\/2023\/10\/professoras-homenageadas-512x415.jpg 512w, https:\/\/sabuguinho.com.br\/site\/wp-content\/uploads\/2023\/10\/professoras-homenageadas.jpg 725w\" sizes=\"(max-width: 150px) 100vw, 150px\" \/><\/p>\n","protected":false},"excerpt":{"rendered":"<p>Essa foi a primeira edi\u00e7\u00e3o da honraria que deve ser entregue anualmente no m\u00eas de outubro Aprovado em novembro de 2022, a primeira edi\u00e7\u00e3o do Pr\u00eamio \u201cProfessor Destaque\u201d foi entregue na noite de segunda-feira, 30, durante a 31\u00aa sess\u00e3o ordin\u00e1ria do ano da C\u00e2mara de Vereadores de Avar\u00e9 A honraria \u00e9 fruto do Decreto Legislativo [&hellip;]<\/p>\n","protected":false},"author":2,"featured_media":345,"comment_status":"open","ping_status":"open","sticky":false,"template":"","format":"standard","meta":{"footnotes":""},"categories":[58],"tags":[],"_links":{"self":[{"href":"https:\/\/sabuguinho.com.br\/site\/wp-json\/wp\/v2\/posts\/343"}],"collection":[{"href":"https:\/\/sabuguinho.com.br\/site\/wp-json\/wp\/v2\/posts"}],"about":[{"href":"https:\/\/sabuguinho.com.br\/site\/wp-json\/wp\/v2\/types\/post"}],"author":[{"embeddable":true,"href":"https:\/\/sabuguinho.com.br\/site\/wp-json\/wp\/v2\/users\/2"}],"replies":[{"embeddable":true,"href":"https:\/\/sabuguinho.com.br\/site\/wp-json\/wp\/v2\/comments?post=343"}],"version-history":[{"count":1,"href":"https:\/\/sabuguinho.com.br\/site\/wp-json\/wp\/v2\/posts\/343\/revisions"}],"predecessor-version":[{"id":346,"href":"https:\/\/sabuguinho.com.br\/site\/wp-json\/wp\/v2\/posts\/343\/revisions\/346"}],"wp:featuredmedia":[{"embeddable":true,"href":"https:\/\/sabuguinho.com.br\/site\/wp-json\/wp\/v2\/media\/345"}],"wp:attachment":[{"href":"https:\/\/sabuguinho.com.br\/site\/wp-json\/wp\/v2\/media?parent=343"}],"wp:term":[{"taxonomy":"category","embeddable":true,"href":"https:\/\/sabuguinho.com.br\/site\/wp-json\/wp\/v2\/categories?post=343"},{"taxonomy":"post_tag","embeddable":true,"href":"https:\/\/sabuguinho.com.br\/site\/wp-json\/wp\/v2\/tags?post=343"}],"curies":[{"name":"wp","href":"https:\/\/api.w.org\/{rel}","templated":true}]}}