{"id":34294,"date":"2025-10-01T18:30:21","date_gmt":"2025-10-01T21:30:21","guid":{"rendered":"https:\/\/sabuguinho.com.br\/site\/?p=34294"},"modified":"2025-10-01T18:30:35","modified_gmt":"2025-10-01T21:30:35","slug":"carlo-ancelotti-convoca-selecao-para-amistosos-contra-coreia-e-japao","status":"publish","type":"post","link":"https:\/\/sabuguinho.com.br\/site\/carlo-ancelotti-convoca-selecao-para-amistosos-contra-coreia-e-japao\/","title":{"rendered":"Carlo Ancelotti convoca sele\u00e7\u00e3o para amistosos contra Coreia e Jap\u00e3o"},"content":{"rendered":"<p>Rodrygo e Vinicius J\u00fanior voltam a ser lembrados pelo t\u00e9cnico italiano<\/p>\n<p>Ag\u00eancia Brasil<\/p>\n<p>O t\u00e9cnico da sele\u00e7\u00e3o brasileira, o italiano Carlo Ancelotti, convocou, nesta quarta-feira (1), os jogadores que defender\u00e3o o Brasil na Data Fifa de outubro contra a Coreia do Sul e o Jap\u00e3o. O destaque entre os 26 selecionados foi o retorno dos atacantes Rodrygo e Vinicius J\u00fanior, ambos do Real Madrid (Espanha).<br \/>\nVinicius J\u00fanior n\u00e3o esteve presente na \u00faltima convoca\u00e7\u00e3o da sele\u00e7\u00e3o por op\u00e7\u00e3o de Ancelotti, que levou em conta o fato de o atacante ter que cumprir suspens\u00e3o em uma das partidas. J\u00e1 Rodrygo foi lembrado pela primeira vez por seu ex-comandante no Real Madrid (o italiano treinou os brasileiros na equipe espanhola na \u00faltima temporada europeia).<br \/>\n\u201cRodrygo \u00e9 um jogador muito importante para a sele\u00e7\u00e3o. Ele tem caracter\u00edsticas t\u00e9cnicas muito importantes e pode jogar em todas as posi\u00e7\u00f5es [do ataque]. Ajudar\u00e1 muito\u201d, declarou Ancelotti.<\/p>\n<p><img loading=\"lazy\" decoding=\"async\" src=\"https:\/\/sabuguinho.com.br\/site\/wp-content\/uploads\/2025\/10\/54825806573_1c71e6e807_o-150x90.webp\" alt=\"\" width=\"150\" height=\"90\" class=\"alignnone size-medium wp-image-34295\" srcset=\"https:\/\/sabuguinho.com.br\/site\/wp-content\/uploads\/2025\/10\/54825806573_1c71e6e807_o-150x90.webp 150w, https:\/\/sabuguinho.com.br\/site\/wp-content\/uploads\/2025\/10\/54825806573_1c71e6e807_o-512x306.webp 512w, https:\/\/sabuguinho.com.br\/site\/wp-content\/uploads\/2025\/10\/54825806573_1c71e6e807_o-768x459.webp 768w, https:\/\/sabuguinho.com.br\/site\/wp-content\/uploads\/2025\/10\/54825806573_1c71e6e807_o-750x449.webp 750w, https:\/\/sabuguinho.com.br\/site\/wp-content\/uploads\/2025\/10\/54825806573_1c71e6e807_o-1140x682.webp 1140w, https:\/\/sabuguinho.com.br\/site\/wp-content\/uploads\/2025\/10\/54825806573_1c71e6e807_o.webp 1170w\" sizes=\"(max-width: 150px) 100vw, 150px\" \/><\/p>\n","protected":false},"excerpt":{"rendered":"<p>Rodrygo e Vinicius J\u00fanior voltam a ser lembrados pelo t\u00e9cnico italiano Ag\u00eancia Brasil O t\u00e9cnico da sele\u00e7\u00e3o brasileira, o italiano Carlo Ancelotti, convocou, nesta quarta-feira (1), os jogadores que defender\u00e3o o Brasil na Data Fifa de outubro contra a Coreia do Sul e o Jap\u00e3o. O destaque entre os 26 selecionados foi o retorno dos [&hellip;]<\/p>\n","protected":false},"author":2,"featured_media":34298,"comment_status":"open","ping_status":"open","sticky":false,"template":"","format":"standard","meta":{"footnotes":""},"categories":[45],"tags":[],"_links":{"self":[{"href":"https:\/\/sabuguinho.com.br\/site\/wp-json\/wp\/v2\/posts\/34294"}],"collection":[{"href":"https:\/\/sabuguinho.com.br\/site\/wp-json\/wp\/v2\/posts"}],"about":[{"href":"https:\/\/sabuguinho.com.br\/site\/wp-json\/wp\/v2\/types\/post"}],"author":[{"embeddable":true,"href":"https:\/\/sabuguinho.com.br\/site\/wp-json\/wp\/v2\/users\/2"}],"replies":[{"embeddable":true,"href":"https:\/\/sabuguinho.com.br\/site\/wp-json\/wp\/v2\/comments?post=34294"}],"version-history":[{"count":1,"href":"https:\/\/sabuguinho.com.br\/site\/wp-json\/wp\/v2\/posts\/34294\/revisions"}],"predecessor-version":[{"id":34299,"href":"https:\/\/sabuguinho.com.br\/site\/wp-json\/wp\/v2\/posts\/34294\/revisions\/34299"}],"wp:featuredmedia":[{"embeddable":true,"href":"https:\/\/sabuguinho.com.br\/site\/wp-json\/wp\/v2\/media\/34298"}],"wp:attachment":[{"href":"https:\/\/sabuguinho.com.br\/site\/wp-json\/wp\/v2\/media?parent=34294"}],"wp:term":[{"taxonomy":"category","embeddable":true,"href":"https:\/\/sabuguinho.com.br\/site\/wp-json\/wp\/v2\/categories?post=34294"},{"taxonomy":"post_tag","embeddable":true,"href":"https:\/\/sabuguinho.com.br\/site\/wp-json\/wp\/v2\/tags?post=34294"}],"curies":[{"name":"wp","href":"https:\/\/api.w.org\/{rel}","templated":true}]}}