{"id":34249,"date":"2025-10-01T09:39:48","date_gmt":"2025-10-01T12:39:48","guid":{"rendered":"https:\/\/sabuguinho.com.br\/site\/?p=34249"},"modified":"2025-10-01T09:39:48","modified_gmt":"2025-10-01T12:39:48","slug":"cerimonia-casa-do-cidadao-sedia-solenidade-de-dispensa-do-servico-militar","status":"publish","type":"post","link":"https:\/\/sabuguinho.com.br\/site\/cerimonia-casa-do-cidadao-sedia-solenidade-de-dispensa-do-servico-militar\/","title":{"rendered":"CERIM\u00d4NIA  Casa do Cidad\u00e3o sedia solenidade de dispensa do Servi\u00e7o Militar"},"content":{"rendered":"<p>Cerim\u00f4nia foi conduzida pelo 1\u00ba sargento Barata, instrutor do Tiro de Guerra de Avar\u00e9<\/p>\n<p>Jovens de Avar\u00e9 receberam o Certificado de Dispensa de Incorpora\u00e7\u00e3o (CDI) durante cerim\u00f4nia realizada na ter\u00e7a-feira, 30, na Casa do Cidad\u00e3o.<br \/>\nA solenidade, que contou com a cerim\u00f4nia de juramento \u00e0 Bandeira, foi conduzida pelo 1\u00ba sargento Barata, instrutor do Tiro de Guerra de Avar\u00e9.<br \/>\nParticiparam do ato o secret\u00e1rio Jorge Carvalheira (Seguran\u00e7a P\u00fablica), que representou o prefeito Roberto Araujo, o secret\u00e1rio Ricardinho (Ind\u00fastria e Com\u00e9rcio), o vereador Everton Machado, familiares dos jovens e integrantes da Junta de Servi\u00e7o Militar.<br \/>\nA cerim\u00f4nia que reuniu cidad\u00e3os dispensados da classe de 2007 cumpre o previsto no Regulamento da Lei de Servi\u00e7o Militar.<br \/>\nO alistamento militar \u00e9 obrigat\u00f3rio no Brasil. Quando o jovem recebe o CDI, significa que ele foi dispensado do Servi\u00e7o Militar Obrigat\u00f3rio.<\/p>\n<p><img loading=\"lazy\" decoding=\"async\" src=\"https:\/\/sabuguinho.com.br\/site\/wp-content\/uploads\/2025\/10\/Cerimonia-foi-realizada-na-Casa-do-Cidadao-1-128x150.jpg\" alt=\"\" width=\"128\" height=\"150\" class=\"alignnone size-medium wp-image-34250\" srcset=\"https:\/\/sabuguinho.com.br\/site\/wp-content\/uploads\/2025\/10\/Cerimonia-foi-realizada-na-Casa-do-Cidadao-1-128x150.jpg 128w, https:\/\/sabuguinho.com.br\/site\/wp-content\/uploads\/2025\/10\/Cerimonia-foi-realizada-na-Casa-do-Cidadao-1-436x512.jpg 436w, https:\/\/sabuguinho.com.br\/site\/wp-content\/uploads\/2025\/10\/Cerimonia-foi-realizada-na-Casa-do-Cidadao-1-768x902.jpg 768w, https:\/\/sabuguinho.com.br\/site\/wp-content\/uploads\/2025\/10\/Cerimonia-foi-realizada-na-Casa-do-Cidadao-1-750x881.jpg 750w, https:\/\/sabuguinho.com.br\/site\/wp-content\/uploads\/2025\/10\/Cerimonia-foi-realizada-na-Casa-do-Cidadao-1.jpg 800w\" sizes=\"(max-width: 128px) 100vw, 128px\" \/><\/p>\n","protected":false},"excerpt":{"rendered":"<p>Cerim\u00f4nia foi conduzida pelo 1\u00ba sargento Barata, instrutor do Tiro de Guerra de Avar\u00e9 Jovens de Avar\u00e9 receberam o Certificado de Dispensa de Incorpora\u00e7\u00e3o (CDI) durante cerim\u00f4nia realizada na ter\u00e7a-feira, 30, na Casa do Cidad\u00e3o. A solenidade, que contou com a cerim\u00f4nia de juramento \u00e0 Bandeira, foi conduzida pelo 1\u00ba sargento Barata, instrutor do Tiro [&hellip;]<\/p>\n","protected":false},"author":2,"featured_media":34251,"comment_status":"open","ping_status":"open","sticky":false,"template":"","format":"standard","meta":{"footnotes":""},"categories":[58],"tags":[],"_links":{"self":[{"href":"https:\/\/sabuguinho.com.br\/site\/wp-json\/wp\/v2\/posts\/34249"}],"collection":[{"href":"https:\/\/sabuguinho.com.br\/site\/wp-json\/wp\/v2\/posts"}],"about":[{"href":"https:\/\/sabuguinho.com.br\/site\/wp-json\/wp\/v2\/types\/post"}],"author":[{"embeddable":true,"href":"https:\/\/sabuguinho.com.br\/site\/wp-json\/wp\/v2\/users\/2"}],"replies":[{"embeddable":true,"href":"https:\/\/sabuguinho.com.br\/site\/wp-json\/wp\/v2\/comments?post=34249"}],"version-history":[{"count":1,"href":"https:\/\/sabuguinho.com.br\/site\/wp-json\/wp\/v2\/posts\/34249\/revisions"}],"predecessor-version":[{"id":34252,"href":"https:\/\/sabuguinho.com.br\/site\/wp-json\/wp\/v2\/posts\/34249\/revisions\/34252"}],"wp:featuredmedia":[{"embeddable":true,"href":"https:\/\/sabuguinho.com.br\/site\/wp-json\/wp\/v2\/media\/34251"}],"wp:attachment":[{"href":"https:\/\/sabuguinho.com.br\/site\/wp-json\/wp\/v2\/media?parent=34249"}],"wp:term":[{"taxonomy":"category","embeddable":true,"href":"https:\/\/sabuguinho.com.br\/site\/wp-json\/wp\/v2\/categories?post=34249"},{"taxonomy":"post_tag","embeddable":true,"href":"https:\/\/sabuguinho.com.br\/site\/wp-json\/wp\/v2\/tags?post=34249"}],"curies":[{"name":"wp","href":"https:\/\/api.w.org\/{rel}","templated":true}]}}