{"id":34203,"date":"2025-09-30T19:42:37","date_gmt":"2025-09-30T22:42:37","guid":{"rendered":"https:\/\/sabuguinho.com.br\/site\/?p=34203"},"modified":"2025-09-30T19:42:37","modified_gmt":"2025-09-30T22:42:37","slug":"morre-gilsinho-interprete-da-portela-aos-55-anos","status":"publish","type":"post","link":"https:\/\/sabuguinho.com.br\/site\/morre-gilsinho-interprete-da-portela-aos-55-anos\/","title":{"rendered":"Morre Gilsinho, int\u00e9rprete da Portela, aos 55 anos"},"content":{"rendered":"<p>Gilsinho, voz da Portela, morre aos 55 anos no Rio de Janeiro<\/p>\n<p>Gilsinho era int\u00e9rprete da escola de samba Portela, que decretou luto oficial de tr\u00eas dias<br \/>\n30\/<\/p>\n<p>Paula Arantes<\/p>\n<p>O int\u00e9rprete da escola de samba Portela, Gilsinho, morreu nesta ter\u00e7a-feira (30), aos 55 anos. A informa\u00e7\u00e3o foi confirmada pela agremia\u00e7\u00e3o, que publicou uma nota nas redes sociais. Ainda n\u00e3o se sabe a causa da morte.<br \/>\n\u201cPerdemos hoje um dos maiores nomes da nossa hist\u00f3ria: Gilsinho! O nosso grande int\u00e9rprete! Ele que tanto nos encheu de orgulho desde 2006, com sua voz marcante, seu amor pelo samba e sua entrega total \u00e0 nossa escola\u201d, diz o comunicado<br \/>\nA Portela decretou luto oficial de tr\u00eas dias e relembrou a trajet\u00f3ria do artista na escola de samba. \u201cGilsinho \u00e9 alma portelense. Sua voz embalou momentos inesquec\u00edveis, emocionou gera\u00e7\u00f5es e marcou profundamente o Carnaval do Brasil. Ele representou com maestria a nossa tradi\u00e7\u00e3o, levando o nome da Portela com respeito, talento e paix\u00e3o\u201d.<br \/>\nA Liga Independente das Escolas de Samba do Rio de Janeiro (Liesa-RJ) tamb\u00e9m emitiu uma nota. \u201cA Liesa se solidariza com a fam\u00edlia, amigos, a comunidade portelense e todo o mundo do samba neste momento de dor. Estamos de luto pela partida de um dos grandes expoentes do nosso Carnaval\u201d, diz o comunicado compartilhado nas redes sociais.<\/p>\n","protected":false},"excerpt":{"rendered":"<p>Gilsinho, voz da Portela, morre aos 55 anos no Rio de Janeiro Gilsinho era int\u00e9rprete da escola de samba Portela, que decretou luto oficial de tr\u00eas dias 30\/ Paula Arantes O int\u00e9rprete da escola de samba Portela, Gilsinho, morreu nesta ter\u00e7a-feira (30), aos 55 anos. A informa\u00e7\u00e3o foi confirmada pela agremia\u00e7\u00e3o, que publicou uma nota [&hellip;]<\/p>\n","protected":false},"author":2,"featured_media":34206,"comment_status":"open","ping_status":"open","sticky":false,"template":"","format":"standard","meta":{"footnotes":""},"categories":[61],"tags":[],"_links":{"self":[{"href":"https:\/\/sabuguinho.com.br\/site\/wp-json\/wp\/v2\/posts\/34203"}],"collection":[{"href":"https:\/\/sabuguinho.com.br\/site\/wp-json\/wp\/v2\/posts"}],"about":[{"href":"https:\/\/sabuguinho.com.br\/site\/wp-json\/wp\/v2\/types\/post"}],"author":[{"embeddable":true,"href":"https:\/\/sabuguinho.com.br\/site\/wp-json\/wp\/v2\/users\/2"}],"replies":[{"embeddable":true,"href":"https:\/\/sabuguinho.com.br\/site\/wp-json\/wp\/v2\/comments?post=34203"}],"version-history":[{"count":1,"href":"https:\/\/sabuguinho.com.br\/site\/wp-json\/wp\/v2\/posts\/34203\/revisions"}],"predecessor-version":[{"id":34207,"href":"https:\/\/sabuguinho.com.br\/site\/wp-json\/wp\/v2\/posts\/34203\/revisions\/34207"}],"wp:featuredmedia":[{"embeddable":true,"href":"https:\/\/sabuguinho.com.br\/site\/wp-json\/wp\/v2\/media\/34206"}],"wp:attachment":[{"href":"https:\/\/sabuguinho.com.br\/site\/wp-json\/wp\/v2\/media?parent=34203"}],"wp:term":[{"taxonomy":"category","embeddable":true,"href":"https:\/\/sabuguinho.com.br\/site\/wp-json\/wp\/v2\/categories?post=34203"},{"taxonomy":"post_tag","embeddable":true,"href":"https:\/\/sabuguinho.com.br\/site\/wp-json\/wp\/v2\/tags?post=34203"}],"curies":[{"name":"wp","href":"https:\/\/api.w.org\/{rel}","templated":true}]}}