{"id":3396,"date":"2024-02-02T14:33:37","date_gmt":"2024-02-02T17:33:37","guid":{"rendered":"https:\/\/sabuguinho.com.br\/site\/?p=3396"},"modified":"2024-02-02T14:33:37","modified_gmt":"2024-02-02T17:33:37","slug":"em-visita-a-regiao-diretora-da-oab-sp-reforca-compromisso-com-o-interior","status":"publish","type":"post","link":"https:\/\/sabuguinho.com.br\/site\/em-visita-a-regiao-diretora-da-oab-sp-reforca-compromisso-com-o-interior\/","title":{"rendered":"EM VISITA \u00c0 REGI\u00c3O, DIRETORA DA OAB SP REFOR\u00c7A COMPROMISSO COM O INTERIOR"},"content":{"rendered":"<p>A diretora secret\u00e1ria-geral da OAB SP (Ordem dos Advogados do Brasil Se\u00e7\u00e3o S\u00e3o Paulo), Daniela Magalh\u00e3es, cumpriu agenda na regi\u00e3o de Avar\u00e9 nesta quinta-feira (1). Os compromissos fazem parte do programa de Interioriza\u00e7\u00e3o da entidade, que tem como foco estar cada vez mais perto da advocacia do Interior e Litoral, buscando entender as demandas e dificuldades da classe.<br \/>\n\u201cO dia foi dedicado a refor\u00e7ar o nosso compromisso com a Interioriza\u00e7\u00e3o da OAB SP. Eu estive na regi\u00e3o para conversar com a advocacia e com as lideran\u00e7as de Ordem sobre pontos muito importantes para a nossa profiss\u00e3o, como prerrogativas, honor\u00e1rios e mais dois aspectos bem relevantes: a Assist\u00eancia Judici\u00e1ria Gratuita, que est\u00e1 com as inscri\u00e7\u00f5es abertas para ades\u00e3o ao conv\u00eanio; e a nova era das Casas da Advocacia, que \u00e9 a entrega de estrutura f\u00edsica e de ferramenta de trabalho para o advogado e para a advogada em todo o estado\u201d, destaca Magalh\u00e3es.<br \/>\nA agenda da diretora teve in\u00edcio no per\u00edodo da manh\u00e3, na 146\u00aa Subse\u00e7\u00e3o de S\u00e3o Manuel, onde ela foi recebida pelo presidente da Casa, Lucas Innocenti de Meira Coelho, e sua diretoria. A advocacia local comemora a constru\u00e7\u00e3o de uma nova sede, pr\u00f3xima ao F\u00f3rum da cidade, cujas obras j\u00e1 est\u00e3o em andamento.<br \/>\n\u201cA interven\u00e7\u00e3o nesta subse\u00e7\u00e3o faz parte do programa da nova era das Casas da Advocacia da OAB SP, que visa ofertar um novo e moderno espa\u00e7o de trabalho para as advogadas e advogados que atuam na cidade e regi\u00e3o\u201d, refor\u00e7a Magalh\u00e3es.<br \/>\n\u201cEra um sonho muito antigo da advocacia de S\u00e3o Manuel. Teremos um espa\u00e7o diferente do que temos hoje, com salas de coworking, salas destinadas para o conv\u00eanio da Assist\u00eancia Judici\u00e1ria, al\u00e9m de um audit\u00f3rio no segundo andar, para a<br \/>\nrealiza\u00e7\u00e3o de eventos, algo que nunca tivemos. \u00c9 o projeto f\u00edsico de maior import\u00e2ncia para a advocacia local\u201d, celebra Coelho.<\/p>\n<p>Cerqueira C\u00e9sar<\/p>\n<p>\u00c0 tarde, a diretora da OAB SP visitou a 175\u00aa Subse\u00e7\u00e3o de Cerqueira C\u00e9sar, onde se reuniu com a presidente da Casa, Virginia Camiloti Minetto, e profissionais que atuam na cidade. \u201cConversamos com a advocacia local para entender aspectos importantes, como condi\u00e7\u00f5es do mercado de trabalho, quest\u00f5es de prerrogativas profissionais, Assist\u00eancia Judici\u00e1ria, transforma\u00e7\u00e3o digital, entre outros temas\u201d, elenca a dirigente.<br \/>\nNa ocasi\u00e3o, a presidente da Subse\u00e7\u00e3o apresentou toda estrutura da sede e falou do atendimento \u00e0 popula\u00e7\u00e3o. \u201cAtualmente, temos 150 advogados e advogadas inscritos na Ordem local. Destes, 80 est\u00e3o conveniados para atender pela Assist\u00eancia Judici\u00e1ria, prestando um servi\u00e7o de qualidade para a popula\u00e7\u00e3o carente da nossa cidade. Vale destacar que, al\u00e9m de Cerqueira C\u00e9sar, atendemos tamb\u00e9m \u00c1guas de Santa B\u00e1rbara e Iaras, que fazem parte da nossa comarca\u201d, pontua Minetto.<\/p>\n<p>Reforma da OAB Avar\u00e9<\/p>\n<p>Daniela Magalh\u00e3es encerrou a agenda desta quinta-feira na 32\u00aa Subse\u00e7\u00e3o de Avar\u00e9. L\u00e1, a diretora da OAB SP realizou a vistoria da reforma da sede local. O pr\u00e9dio passou por reestrutura\u00e7\u00e3o completa, como restaura\u00e7\u00e3o geral do telhado, incluindo troca de telhas; substitui\u00e7\u00e3o do piso por porcelanato; pintura interna e externa; melhorias na parte el\u00e9trica e adequa\u00e7\u00e3o de layout, entre outras interven\u00e7\u00f5es.<br \/>\n\u201cDepois de muita luta, conseguimos, na gest\u00e3o da Patricia Vanzolini [presidente da Ordem paulista], entregar a acessibilidade, que era t\u00e3o desejada pela Casa. A acessibilidade, contudo, n\u00e3o \u00e9 somente o elevador que foi instalado aqui, mas \u00e9 abrir as portas da OAB SP para todas e todos, sem exclus\u00e3o\u201d, frisa Magalh\u00e3es.<br \/>\nSegundo o presidente da Subse\u00e7\u00e3o, Pedro Victor Alarcao Alves Fusco, a reforma avan\u00e7a, agora, para a segunda fase, que inclui adequa\u00e7\u00e3o da \u00e1rea de lazer. \u201cAproveitamos a visita da doutora Daniela para dar fluxo \u00e0s demandas locais relacionadas ao sistema de gest\u00e3o da Casa, agilizando m\u00e9todos de trabalho e, por consequ\u00eancia, trazendo benef\u00edcios a todos os advogados e todas advogadas inscritos em Avar\u00e9\u201d, detalha o dirigente local.<br \/>\n\u201cQuero registrar, ainda, a import\u00e2ncia do Programa de Interioriza\u00e7\u00e3o da Secional, que est\u00e1 atendendo todas as subse\u00e7\u00f5es do Estado de S\u00e3o Paulo. Devemos considerar que nunca se viu projeto como este no sistema Ordem\u201d, finaliza Fusco.<br \/>\nDaniela Magalh\u00e3es visitou, ainda, a Faculdade Eduvale de Avar\u00e9, onde se reuniu com o mantenedor da institui\u00e7\u00e3o de ensino e presidente do Grupo Jbms de comunica\u00e7\u00e3o, Claudio Mansur Salom\u00e3o. A pauta da reuni\u00e3o incluiu, entre outros temas, cursos de Direito e poss\u00edveis parcerias entre a faculdade e a OAB SP.<\/p>\n<p>Sobre a OAB SP<\/p>\n<p>Fundada em 22 de janeiro de 1932, a OAB SP \u00e9 a maior secional do Brasil, com mais de 355 mil profissionais inscritos, quase 5 mil estagi\u00e1rios e 33 mil sociedades inscritas. Mant\u00e9m mais de 90 comiss\u00f5es atuantes, entre permanentes e especiais, que desenvolvem trabalhos de estudo e aperfei\u00e7oamento da legisla\u00e7\u00e3o, al\u00e9m de zelar pela Advocacia paulista e pelos cidad\u00e3os. S\u00e3o 930 postos de atendimento espalhados por todo o Estado, incluindo a secional e as 251 Subse\u00e7\u00f5es, e 247 pontos de Certifica\u00e7\u00e3o Digital. A entidade promove, com exclusividade, a representa\u00e7\u00e3o, defesa, sele\u00e7\u00e3o e disciplina da Advocacia. Ao defender a Constitui\u00e7\u00e3o, a ordem jur\u00eddica do Estado Democr\u00e1tico de Direito, os direitos humanos e a justi\u00e7a social, contribui com a consolida\u00e7\u00e3o das institui\u00e7\u00f5es democr\u00e1ticas e da cidadania brasileira.<\/p>\n<p>FOTOS RELACIONADAS<br \/>\nDaniela tamb\u00e9m esteve na Faculdade Eduvale de Avar\u00e9 em reuni\u00e3o com o mantenedor da institui\u00e7\u00e3o, Claudio Mansur Salom\u00e3o<br \/>\nEm Cerqueira C\u00e9sar, Magalh\u00e3es se reuniu com a presidente local, Virginia Minetto, e sua diretoria<br \/>\nPresidente da Subse\u00e7\u00e3o de S\u00e3o Manuel, Lucas Innocenti mostra obra de constru\u00e7\u00e3o da nova sede \u00e0 Daniela Magalh\u00e3es<br \/>\nPresidente da Subse\u00e7\u00e3o de Avar\u00e9, Pedro Fusco mostra melhorias \u00e0 Daniela Magalh\u00e3es<\/p>\n<p><img loading=\"lazy\" decoding=\"async\" src=\"https:\/\/sabuguinho.com.br\/site\/wp-content\/uploads\/2024\/02\/042f74fd-0ee0-49e8-b8c6-51ba5a0ceb85-150x113.jpg\" alt=\"\" width=\"150\" height=\"113\" class=\"alignnone size-medium wp-image-3397\" srcset=\"https:\/\/sabuguinho.com.br\/site\/wp-content\/uploads\/2024\/02\/042f74fd-0ee0-49e8-b8c6-51ba5a0ceb85-150x113.jpg 150w, https:\/\/sabuguinho.com.br\/site\/wp-content\/uploads\/2024\/02\/042f74fd-0ee0-49e8-b8c6-51ba5a0ceb85-512x384.jpg 512w, https:\/\/sabuguinho.com.br\/site\/wp-content\/uploads\/2024\/02\/042f74fd-0ee0-49e8-b8c6-51ba5a0ceb85-768x576.jpg 768w, https:\/\/sabuguinho.com.br\/site\/wp-content\/uploads\/2024\/02\/042f74fd-0ee0-49e8-b8c6-51ba5a0ceb85-750x563.jpg 750w, https:\/\/sabuguinho.com.br\/site\/wp-content\/uploads\/2024\/02\/042f74fd-0ee0-49e8-b8c6-51ba5a0ceb85.jpg 800w\" sizes=\"auto, (max-width: 150px) 100vw, 150px\" \/><\/p>\n<p><img loading=\"lazy\" decoding=\"async\" src=\"https:\/\/sabuguinho.com.br\/site\/wp-content\/uploads\/2024\/02\/65a4eca2-5f54-4520-8a6f-b549f4d2d390-150x113.jpg\" alt=\"\" width=\"150\" height=\"113\" class=\"alignnone size-medium wp-image-3398\" srcset=\"https:\/\/sabuguinho.com.br\/site\/wp-content\/uploads\/2024\/02\/65a4eca2-5f54-4520-8a6f-b549f4d2d390-150x113.jpg 150w, https:\/\/sabuguinho.com.br\/site\/wp-content\/uploads\/2024\/02\/65a4eca2-5f54-4520-8a6f-b549f4d2d390-512x384.jpg 512w, https:\/\/sabuguinho.com.br\/site\/wp-content\/uploads\/2024\/02\/65a4eca2-5f54-4520-8a6f-b549f4d2d390-768x576.jpg 768w, https:\/\/sabuguinho.com.br\/site\/wp-content\/uploads\/2024\/02\/65a4eca2-5f54-4520-8a6f-b549f4d2d390-750x563.jpg 750w, https:\/\/sabuguinho.com.br\/site\/wp-content\/uploads\/2024\/02\/65a4eca2-5f54-4520-8a6f-b549f4d2d390.jpg 800w\" sizes=\"auto, (max-width: 150px) 100vw, 150px\" \/><\/p>\n<p><img loading=\"lazy\" decoding=\"async\" src=\"https:\/\/sabuguinho.com.br\/site\/wp-content\/uploads\/2024\/02\/5f7a76e4-af91-49d9-8a1f-b2a04cff748d-150x118.jpg\" alt=\"\" width=\"150\" height=\"118\" class=\"alignnone size-medium wp-image-3399\" srcset=\"https:\/\/sabuguinho.com.br\/site\/wp-content\/uploads\/2024\/02\/5f7a76e4-af91-49d9-8a1f-b2a04cff748d-150x118.jpg 150w, https:\/\/sabuguinho.com.br\/site\/wp-content\/uploads\/2024\/02\/5f7a76e4-af91-49d9-8a1f-b2a04cff748d.jpg 342w\" sizes=\"auto, (max-width: 150px) 100vw, 150px\" \/><\/p>\n","protected":false},"excerpt":{"rendered":"<p>A diretora secret\u00e1ria-geral da OAB SP (Ordem dos Advogados do Brasil Se\u00e7\u00e3o S\u00e3o Paulo), Daniela Magalh\u00e3es, cumpriu agenda na regi\u00e3o de Avar\u00e9 nesta quinta-feira (1). Os compromissos fazem parte do programa de Interioriza\u00e7\u00e3o da entidade, que tem como foco estar cada vez mais perto da advocacia do Interior e Litoral, buscando entender as demandas e [&hellip;]<\/p>\n","protected":false},"author":2,"featured_media":3401,"comment_status":"open","ping_status":"open","sticky":false,"template":"","format":"standard","meta":{"footnotes":""},"categories":[58],"tags":[],"class_list":["post-3396","post","type-post","status-publish","format-standard","has-post-thumbnail","hentry","category-noticias-locais"],"_links":{"self":[{"href":"https:\/\/sabuguinho.com.br\/site\/wp-json\/wp\/v2\/posts\/3396","targetHints":{"allow":["GET"]}}],"collection":[{"href":"https:\/\/sabuguinho.com.br\/site\/wp-json\/wp\/v2\/posts"}],"about":[{"href":"https:\/\/sabuguinho.com.br\/site\/wp-json\/wp\/v2\/types\/post"}],"author":[{"embeddable":true,"href":"https:\/\/sabuguinho.com.br\/site\/wp-json\/wp\/v2\/users\/2"}],"replies":[{"embeddable":true,"href":"https:\/\/sabuguinho.com.br\/site\/wp-json\/wp\/v2\/comments?post=3396"}],"version-history":[{"count":1,"href":"https:\/\/sabuguinho.com.br\/site\/wp-json\/wp\/v2\/posts\/3396\/revisions"}],"predecessor-version":[{"id":3402,"href":"https:\/\/sabuguinho.com.br\/site\/wp-json\/wp\/v2\/posts\/3396\/revisions\/3402"}],"wp:featuredmedia":[{"embeddable":true,"href":"https:\/\/sabuguinho.com.br\/site\/wp-json\/wp\/v2\/media\/3401"}],"wp:attachment":[{"href":"https:\/\/sabuguinho.com.br\/site\/wp-json\/wp\/v2\/media?parent=3396"}],"wp:term":[{"taxonomy":"category","embeddable":true,"href":"https:\/\/sabuguinho.com.br\/site\/wp-json\/wp\/v2\/categories?post=3396"},{"taxonomy":"post_tag","embeddable":true,"href":"https:\/\/sabuguinho.com.br\/site\/wp-json\/wp\/v2\/tags?post=3396"}],"curies":[{"name":"wp","href":"https:\/\/api.w.org\/{rel}","templated":true}]}}