{"id":33888,"date":"2025-09-26T13:59:21","date_gmt":"2025-09-26T16:59:21","guid":{"rendered":"https:\/\/sabuguinho.com.br\/site\/?p=33888"},"modified":"2025-09-26T13:59:32","modified_gmt":"2025-09-26T16:59:32","slug":"sebrae-sp-realiza-palestra-sobre-gestao-financeira-em-taquarituba","status":"publish","type":"post","link":"https:\/\/sabuguinho.com.br\/site\/sebrae-sp-realiza-palestra-sobre-gestao-financeira-em-taquarituba\/","title":{"rendered":"Sebrae-SP realiza palestra sobre gest\u00e3o financeira em Taquarituba"},"content":{"rendered":"<p>Assessoria de Imprensa a servi\u00e7o do Sebrae-SP<br \/>\nEscrit\u00f3rio Regional Ourinhos &#8211; Nat\u00e1lia Eloy <\/p>\n<p>Evento ocorrer\u00e1 ter\u00e7a (30), \u00e0s 19h30; inscri\u00e7\u00f5es s\u00e3o gratuitas <\/p>\n<p>Na ter\u00e7a-feira, 30, a partir das 19h30, o Sebrae-SP realiza a palestra Gest\u00e3o Financeira: organizar para crescer, no Teatro Municipal Professor Edison da Cruz Salaki, em Taquarituba (Av. Cel. Jo\u00e3o Quintino, 2-10 \u2013 Centro).<br \/>\nO evento \u00e9 gratuito e realizado pela Prefeitura Municipal, em parceria com a Associa\u00e7\u00e3o Comercial e Industrial de Taquarituba (ACIT). As inscri\u00e7\u00f5es s\u00e3o limitadas e devem ser feitas no link https:\/\/forms.office.com\/r\/W3FVFPVa2z.<br \/>\nA palestra ser\u00e1 ministrada pelo consultor de neg\u00f3cios do Sebrae-SP, Roderic Miyoshi, e tem como objetivo oferecer ferramentas e conhecimentos para melhorar a gest\u00e3o financeira das empresas.  \u201c\u00c9 uma oportunidade para os empres\u00e1rios aprimorarem seus conhecimentos e impulsionarem o crescimento dos seus neg\u00f3cios\u201d, explicou.<\/p>\n<p><img loading=\"lazy\" decoding=\"async\" src=\"https:\/\/sabuguinho.com.br\/site\/wp-content\/uploads\/2025\/09\/sebrae-sp-2-150x95.png\" alt=\"\" width=\"150\" height=\"95\" class=\"alignnone size-medium wp-image-33889\" srcset=\"https:\/\/sabuguinho.com.br\/site\/wp-content\/uploads\/2025\/09\/sebrae-sp-2-150x95.png 150w, https:\/\/sabuguinho.com.br\/site\/wp-content\/uploads\/2025\/09\/sebrae-sp-2-512x324.png 512w, https:\/\/sabuguinho.com.br\/site\/wp-content\/uploads\/2025\/09\/sebrae-sp-2-768x486.png 768w, https:\/\/sabuguinho.com.br\/site\/wp-content\/uploads\/2025\/09\/sebrae-sp-2-750x475.png 750w, https:\/\/sabuguinho.com.br\/site\/wp-content\/uploads\/2025\/09\/sebrae-sp-2-1140x721.png 1140w, https:\/\/sabuguinho.com.br\/site\/wp-content\/uploads\/2025\/09\/sebrae-sp-2.png 1310w\" sizes=\"(max-width: 150px) 100vw, 150px\" \/><\/p>\n","protected":false},"excerpt":{"rendered":"<p>Assessoria de Imprensa a servi\u00e7o do Sebrae-SP Escrit\u00f3rio Regional Ourinhos &#8211; Nat\u00e1lia Eloy Evento ocorrer\u00e1 ter\u00e7a (30), \u00e0s 19h30; inscri\u00e7\u00f5es s\u00e3o gratuitas Na ter\u00e7a-feira, 30, a partir das 19h30, o Sebrae-SP realiza a palestra Gest\u00e3o Financeira: organizar para crescer, no Teatro Municipal Professor Edison da Cruz Salaki, em Taquarituba (Av. Cel. Jo\u00e3o Quintino, 2-10 \u2013 [&hellip;]<\/p>\n","protected":false},"author":2,"featured_media":33890,"comment_status":"open","ping_status":"open","sticky":false,"template":"","format":"standard","meta":{"footnotes":""},"categories":[148],"tags":[],"_links":{"self":[{"href":"https:\/\/sabuguinho.com.br\/site\/wp-json\/wp\/v2\/posts\/33888"}],"collection":[{"href":"https:\/\/sabuguinho.com.br\/site\/wp-json\/wp\/v2\/posts"}],"about":[{"href":"https:\/\/sabuguinho.com.br\/site\/wp-json\/wp\/v2\/types\/post"}],"author":[{"embeddable":true,"href":"https:\/\/sabuguinho.com.br\/site\/wp-json\/wp\/v2\/users\/2"}],"replies":[{"embeddable":true,"href":"https:\/\/sabuguinho.com.br\/site\/wp-json\/wp\/v2\/comments?post=33888"}],"version-history":[{"count":1,"href":"https:\/\/sabuguinho.com.br\/site\/wp-json\/wp\/v2\/posts\/33888\/revisions"}],"predecessor-version":[{"id":33891,"href":"https:\/\/sabuguinho.com.br\/site\/wp-json\/wp\/v2\/posts\/33888\/revisions\/33891"}],"wp:featuredmedia":[{"embeddable":true,"href":"https:\/\/sabuguinho.com.br\/site\/wp-json\/wp\/v2\/media\/33890"}],"wp:attachment":[{"href":"https:\/\/sabuguinho.com.br\/site\/wp-json\/wp\/v2\/media?parent=33888"}],"wp:term":[{"taxonomy":"category","embeddable":true,"href":"https:\/\/sabuguinho.com.br\/site\/wp-json\/wp\/v2\/categories?post=33888"},{"taxonomy":"post_tag","embeddable":true,"href":"https:\/\/sabuguinho.com.br\/site\/wp-json\/wp\/v2\/tags?post=33888"}],"curies":[{"name":"wp","href":"https:\/\/api.w.org\/{rel}","templated":true}]}}