{"id":33736,"date":"2025-09-25T10:34:23","date_gmt":"2025-09-25T13:34:23","guid":{"rendered":"https:\/\/sabuguinho.com.br\/site\/?p=33736"},"modified":"2025-09-25T10:34:23","modified_gmt":"2025-09-25T13:34:23","slug":"25-de-setembro-dia-internacional-do-farmaceutico","status":"publish","type":"post","link":"https:\/\/sabuguinho.com.br\/site\/25-de-setembro-dia-internacional-do-farmaceutico\/","title":{"rendered":"25 de setembro | Dia Internacional do Farmac\u00eautico"},"content":{"rendered":"<p>\u00c9rica Fahl . Comunica\u00e7\u00e3o ACIA<\/p>\n<p>Hoje a ACIA rende sua homenagem a todos os farmac\u00eauticos, profissionais essenciais que unem ci\u00eancia, \u00e9tica e cuidado humano em prol da sa\u00fade da comunidade.<br \/>\nSua atua\u00e7\u00e3o vai muito al\u00e9m da dispensa\u00e7\u00e3o de medicamentos: os farmac\u00eauticos contribuem para a preven\u00e7\u00e3o de doen\u00e7as, acompanhamento de tratamentos, desenvolvimento cient\u00edfico e promo\u00e7\u00e3o de uma vida com mais bem-estar e seguran\u00e7a.<br \/>\nNosso reconhecimento e gratid\u00e3o a todos os farmac\u00eauticos, que com conhecimento, comprometimento e humanidade fazem a diferen\u00e7a na vida das pessoas e no desenvolvimento da sociedade.<\/p>\n<p>#DiaInternacionalDoFarmac\u00eautico #ACIA #Valoriza\u00e7\u00e3oProfissional #Sa\u00fade #Cuidado<\/p>\n","protected":false},"excerpt":{"rendered":"<p>\u00c9rica Fahl . Comunica\u00e7\u00e3o ACIA Hoje a ACIA rende sua homenagem a todos os farmac\u00eauticos, profissionais essenciais que unem ci\u00eancia, \u00e9tica e cuidado humano em prol da sa\u00fade da comunidade. Sua atua\u00e7\u00e3o vai muito al\u00e9m da dispensa\u00e7\u00e3o de medicamentos: os farmac\u00eauticos contribuem para a preven\u00e7\u00e3o de doen\u00e7as, acompanhamento de tratamentos, desenvolvimento cient\u00edfico e promo\u00e7\u00e3o de [&hellip;]<\/p>\n","protected":false},"author":2,"featured_media":33737,"comment_status":"open","ping_status":"open","sticky":false,"template":"","format":"standard","meta":{"footnotes":""},"categories":[147],"tags":[],"_links":{"self":[{"href":"https:\/\/sabuguinho.com.br\/site\/wp-json\/wp\/v2\/posts\/33736"}],"collection":[{"href":"https:\/\/sabuguinho.com.br\/site\/wp-json\/wp\/v2\/posts"}],"about":[{"href":"https:\/\/sabuguinho.com.br\/site\/wp-json\/wp\/v2\/types\/post"}],"author":[{"embeddable":true,"href":"https:\/\/sabuguinho.com.br\/site\/wp-json\/wp\/v2\/users\/2"}],"replies":[{"embeddable":true,"href":"https:\/\/sabuguinho.com.br\/site\/wp-json\/wp\/v2\/comments?post=33736"}],"version-history":[{"count":1,"href":"https:\/\/sabuguinho.com.br\/site\/wp-json\/wp\/v2\/posts\/33736\/revisions"}],"predecessor-version":[{"id":33738,"href":"https:\/\/sabuguinho.com.br\/site\/wp-json\/wp\/v2\/posts\/33736\/revisions\/33738"}],"wp:featuredmedia":[{"embeddable":true,"href":"https:\/\/sabuguinho.com.br\/site\/wp-json\/wp\/v2\/media\/33737"}],"wp:attachment":[{"href":"https:\/\/sabuguinho.com.br\/site\/wp-json\/wp\/v2\/media?parent=33736"}],"wp:term":[{"taxonomy":"category","embeddable":true,"href":"https:\/\/sabuguinho.com.br\/site\/wp-json\/wp\/v2\/categories?post=33736"},{"taxonomy":"post_tag","embeddable":true,"href":"https:\/\/sabuguinho.com.br\/site\/wp-json\/wp\/v2\/tags?post=33736"}],"curies":[{"name":"wp","href":"https:\/\/api.w.org\/{rel}","templated":true}]}}