{"id":33725,"date":"2025-09-24T22:04:42","date_gmt":"2025-09-25T01:04:42","guid":{"rendered":"https:\/\/sabuguinho.com.br\/site\/?p=33725"},"modified":"2025-09-24T22:04:42","modified_gmt":"2025-09-25T01:04:42","slug":"ex-zagueiro-de-selecao-quer-comprar-o-bentao","status":"publish","type":"post","link":"https:\/\/sabuguinho.com.br\/site\/ex-zagueiro-de-selecao-quer-comprar-o-bentao\/","title":{"rendered":"Ex-zagueiro de sele\u00e7\u00e3o quer comprar o Bent\u00e3o"},"content":{"rendered":"<p>Conselho Deliberativo escolhe o grupo GCF&#038;MC, que tem Roque J\u00fanior entre os integrantes, para dar sequ\u00eancia \u00e0s negocia\u00e7\u00f5es de SAF<\/p>\n<p>Tha\u00eds Marcolino<\/p>\n<p>O ex-zagueiro Roque J\u00fanior, com passagens pelo Palmeiras, Milan (It\u00e1lia) e titular da sele\u00e7\u00e3o brasileira que conquistou o pentacampeonato mundial em 2002, faz parte do grupo interessado em comprar o Esporte Clube S\u00e3o Bento. A empresa GCF&#038;MC, que tamb\u00e9m tem o economista Cesar Grafietti e o fundador do Red Bull Bragantino, Rodolfo Kussarev como s\u00f3cios, foi a escolhida pelo Conselho Deliberativo para dar seguimento \u00e0s tratativas da SAF. A reuni\u00e3o foi realizada, na noite de segunda-feira (22), na sede administrativa do clube sorocabano.<br \/>\nAl\u00e9m da proposta vencedora, havia outras duas na mesa do Conselho: a de Jos\u00e9 Carlos Brunoro, ex-CEO do Palmeiras e cofundador do Audax Osasco, e a de Rodrigo Pastana, ex-superintendente de futebol do Guarani. A elei\u00e7\u00e3o contou com 19 conselheiros que votaram de forma individual. A escolha foi apertada: dez deles optaram pela GCF&#038;MC e nove pela Pestana Sports. A terceira oferta, da Gold Foot, n\u00e3o obteve votos.<br \/>\nQuestionada pelo Cruzeiro do Sul, a assessoria do Conselho Deliberativo n\u00e3o detalhou quais pontos da proposta da empresa GCF&#038;MC chamaram mais a aten\u00e7\u00e3o dos presentes na reuni\u00e3o. Da mesma forma, os valores previamente dispostos n\u00e3o foram divulgados.<br \/>\nPor meio de nota encaminhada na manh\u00e3 de ontem (23), o Conselho Deliberativo afirma que as negocia\u00e7\u00f5es seguem em ritmo acelerado devido \u00e0 proximidade do in\u00edcio da prepara\u00e7\u00e3o para a pr\u00f3xima temporada. Em janeiro, por exemplo, come\u00e7a o Campeonato Paulista da S\u00e9rie A2.<br \/>\nA primeira etapa prevista, ent\u00e3o, \u00e9 a assinatura da proposta vinculante, que deve ocorrer ainda esta semana. Em seguida, vir\u00e1 a Due Diligence, processo de investiga\u00e7\u00e3o e an\u00e1lise aprofundada de uma empresa ou ativo antes de uma transa\u00e7\u00e3o, como aquisi\u00e7\u00e3o, fus\u00e3o ou investimento. O objetivo \u00e9 verificar a sa\u00fade financeira e legal, identificar riscos e oportunidades, e fornecer subs\u00eddios para que o investidor negocie ou desista da transa\u00e7\u00e3o, caso riscos consider\u00e1veis sejam encontrados.<br \/>\nSe aprovada essa etapa, pode haver convoca\u00e7\u00e3o de assembleia geral dos s\u00f3cios, que decidir\u00e1 se, depois de 112 anos, o S\u00e3o Bento se tornar\u00e1 uma SAF \u2014 modelo cada vez mais comum no futebol brasileiro. A data, contudo, ainda n\u00e3o foi definida.<\/p>\n<p>Os investidores<\/p>\n<p>Roque J\u00fanior foi zagueiro da sele\u00e7\u00e3o brasileira campe\u00e3 da Copa do Mundo de 2002 e da Copa das Confedera\u00e7\u00f5es de 2005. No Brasil, defendeu o Palmeiras e, na Europa, teve destaque no Milan, onde conquistou a Liga dos Campe\u00f5es da Uefa e a Copa da It\u00e1lia em 2002\/2003. Tamb\u00e9m atuou por Leeds United (Inglaterra), Siena (It\u00e1lia), Bayer Leverkusen e Duisburg (Alemanha) e Al-Rayyan (Catar). Ap\u00f3s se aposentar, passou a atuar nos bastidores, sendo propriet\u00e1rio do clube Primeira Camisa e diretor de futebol do Paran\u00e1 Clube. Como treinador, teve passagens pelo XV de Piracicaba e pelo Ituano.<br \/>\nCesar Grafietti \u00e9 economista, especialista em banking e em gest\u00e3o &#038; finan\u00e7as do esporte. J\u00e1 Rodolfo Kussarev \u00e9 conhecido por ter fundado o Red Bull Bragantino, hoje estruturado como clube-empresa.<\/p>\n<p>H\u00e1 meses<\/p>\n<p>As tratativas para a SAF em 2025 come\u00e7aram ainda no primeiro semestre. Desde o Paulista A2, a diretoria executiva recebeu diversos contatos, mas foi ap\u00f3s o fim da primeira fase que o tema ganhou for\u00e7a com a chegada das tr\u00eas propostas oficiais.<br \/>\nA possibilidade de transforma\u00e7\u00e3o em SAF, contudo, n\u00e3o \u00e9 novidade no S\u00e3o Bento. Desde a cria\u00e7\u00e3o do novo estatuto, em 2023, o clube j\u00e1 havia avan\u00e7ado em negocia\u00e7\u00f5es com o empres\u00e1rio Rubens Takano e com a empresa Flashforward, mas ambas acabaram n\u00e3o se concretizando.<\/p>\n<p>Etapa esperada<\/p>\n<p>A defini\u00e7\u00e3o do grupo que daria prosseguimento \u00e0s negocia\u00e7\u00f5es era muito aguardada pela diretoria executiva. No in\u00edcio do m\u00eas, o presidente do S\u00e3o Bento, Almir Laurindo, havia dito que algumas defini\u00e7\u00f5es para a pr\u00f3xima temporada \u2014 como comando t\u00e9cnico e manuten\u00e7\u00e3o de atletas \u2014 seriam apresentadas at\u00e9 amanh\u00e3 (25). Por\u00e9m, ap\u00f3s a escolha da SAF, ele afirmou que \u201ccomo saiu a SAF ontem, vamos ver os passos de datas\u201d.<br \/>\nPor sua vez, na semana passada, o diretor de futebol do profissional do clube sorocabano, Roni Zinkoski, destacou que o planejamento j\u00e1 come\u00e7ou, mas ressaltou a import\u00e2ncia da celeridade no processo de SAF: \u201cSe houver SAF, temos de ter tempo h\u00e1bil para fazer a transi\u00e7\u00e3o. Ao mesmo tempo, n\u00e3o podemos sair contratando atletas e t\u00e9cnico sem sabermos como as negocia\u00e7\u00f5es v\u00e3o ser encerradas\u201d, afirmou \u00e0 \u00e9poca.<\/p>\n<p>LINHA DO TEMPO<\/p>\n<p>22 de setembro de 2025<br \/>\nConselho Deliberativo escolhe a proposta vinculante do grupo GCF&#038;MC (Roque J\u00fanior, Cesar Grafietti e Rodolfo Kussarev).<br \/>\nAt\u00e9 o fim de setembro de 2025<br \/>\nAssinatura da proposta vinculante.<\/p>\n<p>Outubro de 2025<\/p>\n<p>Realiza\u00e7\u00e3o da Due Diligence (an\u00e1lise financeira, jur\u00eddica e administrativa do clube).<\/p>\n<p>Data a definir<\/p>\n<p>Caso a an\u00e1lise seja positiva, convoca\u00e7\u00e3o da assembleia geral dos s\u00f3cios, que decidir\u00e1 sobre a transforma\u00e7\u00e3o em SAF.<\/p>\n<p>Janeiro de 2026<\/p>\n<p>In\u00edcio do Paulista S\u00e9rie A2, competi\u00e7\u00e3o para a qual o clube sorocabano j\u00e1 precisa ter elenco e comiss\u00e3o t\u00e9cnica definidos.<\/p>\n<p> Legenda<br \/>\nDesde que deixou os gramados, Roque J\u00fanior foi propriet\u00e1rio do Primeira Camisa, diretor de futebol do Paran\u00e1 Clube e t\u00e9cnico do XV de Piracicaba e do Ituano (Cr\u00e9dito: MICHEL LAMBSTEIN \/ XV DE PIRACICABA)<\/p>\n","protected":false},"excerpt":{"rendered":"<p>Conselho Deliberativo escolhe o grupo GCF&#038;MC, que tem Roque J\u00fanior entre os integrantes, para dar sequ\u00eancia \u00e0s negocia\u00e7\u00f5es de SAF Tha\u00eds Marcolino O ex-zagueiro Roque J\u00fanior, com passagens pelo Palmeiras, Milan (It\u00e1lia) e titular da sele\u00e7\u00e3o brasileira que conquistou o pentacampeonato mundial em 2002, faz parte do grupo interessado em comprar o Esporte Clube S\u00e3o [&hellip;]<\/p>\n","protected":false},"author":2,"featured_media":33728,"comment_status":"open","ping_status":"open","sticky":false,"template":"","format":"standard","meta":{"footnotes":""},"categories":[45,1],"tags":[],"_links":{"self":[{"href":"https:\/\/sabuguinho.com.br\/site\/wp-json\/wp\/v2\/posts\/33725"}],"collection":[{"href":"https:\/\/sabuguinho.com.br\/site\/wp-json\/wp\/v2\/posts"}],"about":[{"href":"https:\/\/sabuguinho.com.br\/site\/wp-json\/wp\/v2\/types\/post"}],"author":[{"embeddable":true,"href":"https:\/\/sabuguinho.com.br\/site\/wp-json\/wp\/v2\/users\/2"}],"replies":[{"embeddable":true,"href":"https:\/\/sabuguinho.com.br\/site\/wp-json\/wp\/v2\/comments?post=33725"}],"version-history":[{"count":1,"href":"https:\/\/sabuguinho.com.br\/site\/wp-json\/wp\/v2\/posts\/33725\/revisions"}],"predecessor-version":[{"id":33729,"href":"https:\/\/sabuguinho.com.br\/site\/wp-json\/wp\/v2\/posts\/33725\/revisions\/33729"}],"wp:featuredmedia":[{"embeddable":true,"href":"https:\/\/sabuguinho.com.br\/site\/wp-json\/wp\/v2\/media\/33728"}],"wp:attachment":[{"href":"https:\/\/sabuguinho.com.br\/site\/wp-json\/wp\/v2\/media?parent=33725"}],"wp:term":[{"taxonomy":"category","embeddable":true,"href":"https:\/\/sabuguinho.com.br\/site\/wp-json\/wp\/v2\/categories?post=33725"},{"taxonomy":"post_tag","embeddable":true,"href":"https:\/\/sabuguinho.com.br\/site\/wp-json\/wp\/v2\/tags?post=33725"}],"curies":[{"name":"wp","href":"https:\/\/api.w.org\/{rel}","templated":true}]}}