{"id":33698,"date":"2025-09-24T17:03:34","date_gmt":"2025-09-24T20:03:34","guid":{"rendered":"https:\/\/sabuguinho.com.br\/site\/?p=33698"},"modified":"2025-09-24T17:03:34","modified_gmt":"2025-09-24T20:03:34","slug":"defesa-pede-revogacao-de-medidas-cautelares-contra-jair-bolsonaro","status":"publish","type":"post","link":"https:\/\/sabuguinho.com.br\/site\/defesa-pede-revogacao-de-medidas-cautelares-contra-jair-bolsonaro\/","title":{"rendered":"Defesa pede revoga\u00e7\u00e3o de medidas cautelares contra Jair Bolsonaro"},"content":{"rendered":"<p>Ex-presidente est\u00e1 em pris\u00e3o domiciliar por n\u00e3o ter cumprido medidas<\/p>\n<p>Ag\u00eancia Brasil<\/p>\n<p>O advogado Paulo Cunha Bueno, um dos respons\u00e1veis pela defesa do ex-presidente Jair Bolsonaro junto ao Supremo Tribunal Federal (STF) no processo da trama golpista, divulgou no fim da noite de ter\u00e7a-feira (23), em rede social, que encaminhou pedido de revoga\u00e7\u00e3o das medidas cautelares contra o seu cliente.<br \/>\nO pedido se baseia na n\u00e3o inclus\u00e3o do nome do ex-presidente na den\u00fancia do procurador-geral da Rep\u00fablica, Paulo Gonet, contra o deputado Eduardo Bolsonaro (PL-SP) e o jornalista Paulo Figueiredo \u2013 neto de Jo\u00e3o Batista de Oliveira Figueiredo (1918-1999), o \u00faltimo ditador do regime c\u00edvico-militar que vigorou no pa\u00eds entre 1964 e 1985.<br \/>\nPara o advogado de Jair Bolsonaro, como ele n\u00e3o foi denunciado juntamente com o filho e o jornalista, &#8220;esvazia-se a necessidade de quaisquer medidas cautelares&#8221;.<\/p>\n<p>>> Siga o canal da Ag\u00eancia Brasil no WhatsApp<\/p>\n<p>Na den\u00fancia, o procurador-geral da Rep\u00fablica acusou o deputado federal e o jornalista de atuarem para evitar a condena\u00e7\u00e3o criminal de Jair Bolsonaro, estimulando san\u00e7\u00f5es do governo dos Estados Unidos contra o Brasil e amea\u00e7ando \u201cautoridades judici\u00e1rias e de outros Poderes com a promessa de que conseguiriam de autoridades norte-americanas san\u00e7\u00f5es dispostas para dificultar e arruinar suas vidas civis.\u201d<br \/>\nDesde a segunda quinzena de julho, o ex-presidente tem de cumprir medidas cautelares como:<br \/>\no uso de tornozeleira eletr\u00f4nica;<br \/>\na perman\u00eancia em recolhimento domiciliar;<br \/>\na proibi\u00e7\u00e3o de acesso a embaixadas e consulados e de manter contato com embaixadores e autoridades estrangeiras;<br \/>\na proibi\u00e7\u00e3o de utiliza\u00e7\u00e3o de redes sociais, direta ou indiretamente, inclusive por interm\u00e9dio de terceiros.<br \/>\nEm 4 de agosto, Bolsonaro foi posto em pris\u00e3o domiciliar porque violou medidas cautelares anteriores. A determina\u00e7\u00e3o n\u00e3o guarda rela\u00e7\u00e3o com a den\u00fancia oferecida contra Eduardo Bolsonaro e Paulo Figueiredo.<\/p>\n<p>Condenado<\/p>\n<p>O ex-presidente e os demais r\u00e9us do n\u00facleo central da trama golpista j\u00e1 foram condenados pela 1\u00aa Turma do STF, no \u00faltimo dia 11 de setembro. No caso de Bolsonaro, a pena foi definida em 27 anos e tr\u00eas meses de pris\u00e3o em regime fechado, pelos crimes de organiza\u00e7\u00e3o criminosa armada, tentativa de aboli\u00e7\u00e3o violenta do Estado Democr\u00e1tico de Direito, golpe de Estado, dano qualificado pela viol\u00eancia e grave amea\u00e7a e deteriora\u00e7\u00e3o de patrim\u00f4nio tombado.<br \/>\nCom o veredito definido, a pris\u00e3o do ex-presidente e seus aliados pode ocorrer ainda neste ano, ap\u00f3s a avalia\u00e7\u00e3o dos recursos das defesas pela corte. <\/p>\n","protected":false},"excerpt":{"rendered":"<p>Ex-presidente est\u00e1 em pris\u00e3o domiciliar por n\u00e3o ter cumprido medidas Ag\u00eancia Brasil O advogado Paulo Cunha Bueno, um dos respons\u00e1veis pela defesa do ex-presidente Jair Bolsonaro junto ao Supremo Tribunal Federal (STF) no processo da trama golpista, divulgou no fim da noite de ter\u00e7a-feira (23), em rede social, que encaminhou pedido de revoga\u00e7\u00e3o das medidas [&hellip;]<\/p>\n","protected":false},"author":2,"featured_media":33699,"comment_status":"open","ping_status":"open","sticky":false,"template":"","format":"standard","meta":{"footnotes":""},"categories":[146],"tags":[],"_links":{"self":[{"href":"https:\/\/sabuguinho.com.br\/site\/wp-json\/wp\/v2\/posts\/33698"}],"collection":[{"href":"https:\/\/sabuguinho.com.br\/site\/wp-json\/wp\/v2\/posts"}],"about":[{"href":"https:\/\/sabuguinho.com.br\/site\/wp-json\/wp\/v2\/types\/post"}],"author":[{"embeddable":true,"href":"https:\/\/sabuguinho.com.br\/site\/wp-json\/wp\/v2\/users\/2"}],"replies":[{"embeddable":true,"href":"https:\/\/sabuguinho.com.br\/site\/wp-json\/wp\/v2\/comments?post=33698"}],"version-history":[{"count":1,"href":"https:\/\/sabuguinho.com.br\/site\/wp-json\/wp\/v2\/posts\/33698\/revisions"}],"predecessor-version":[{"id":33700,"href":"https:\/\/sabuguinho.com.br\/site\/wp-json\/wp\/v2\/posts\/33698\/revisions\/33700"}],"wp:featuredmedia":[{"embeddable":true,"href":"https:\/\/sabuguinho.com.br\/site\/wp-json\/wp\/v2\/media\/33699"}],"wp:attachment":[{"href":"https:\/\/sabuguinho.com.br\/site\/wp-json\/wp\/v2\/media?parent=33698"}],"wp:term":[{"taxonomy":"category","embeddable":true,"href":"https:\/\/sabuguinho.com.br\/site\/wp-json\/wp\/v2\/categories?post=33698"},{"taxonomy":"post_tag","embeddable":true,"href":"https:\/\/sabuguinho.com.br\/site\/wp-json\/wp\/v2\/tags?post=33698"}],"curies":[{"name":"wp","href":"https:\/\/api.w.org\/{rel}","templated":true}]}}