{"id":33443,"date":"2025-09-21T21:06:03","date_gmt":"2025-09-22T00:06:03","guid":{"rendered":"https:\/\/sabuguinho.com.br\/site\/?p=33443"},"modified":"2025-09-21T21:06:03","modified_gmt":"2025-09-22T00:06:03","slug":"gre-nal-gremio-vence-de-virada-por-3-x-2-e-quebra-tabu-contra-o-rival","status":"publish","type":"post","link":"https:\/\/sabuguinho.com.br\/site\/gre-nal-gremio-vence-de-virada-por-3-x-2-e-quebra-tabu-contra-o-rival\/","title":{"rendered":"Gre-nal: Gr\u00eamio vence de virada por 3 x 2 e quebra tabu contra o rival"},"content":{"rendered":"<p>Alan Patrick marcou duas vezes de p\u00eanalti, mas Gr\u00eamio virou a partida e encerrou sequ\u00eancia de oito jogos sem vencer o Internacional<\/p>\n<p>Pedro Santana<\/p>\n<p>Um novo cap\u00edtulo para a hist\u00f3ria do Gre-Nal. De virada, o Gr\u00eamio venceu o Internacional por 3 x 2 neste domingo (21\/9) no Est\u00e1dio Beira Rio, em duelo v\u00e1lido pela 24\u00aa rodada do Campeonato Brasileiro.<br \/>\nO cl\u00e1ssico mais tradicional do sul do pa\u00eds foi novamente marcado por pol\u00eamicas. Os donos da casa tiveram tr\u00eas p\u00eanaltis assinalados, sendo dois convertidos ainda no primeiro tempo, al\u00e9m de uma expuls\u00e3o pol\u00eamica contra os visitantes. Com o resultado, o time tricolor quebra um jejum de oito jogos sem vencer o rival.<br \/>\nResumo do jogo<br \/>\nO Internacional abriu o placar de p\u00eanalti. Bernab\u00e9i avan\u00e7ou em velocidade, invadiu a \u00e1rea e foi derrubado. Ap\u00f3s checagem do \u00e1rbitro de v\u00eddeo, Alan Patrick cobrou a penalidade e marcou o primeiro gol do Colorado aos 20 minutos do primeiro tempo.<br \/>\nAos 28 minutos, veio o empate do Gr\u00eamio. Marlon disparou pela esquerda e cruzou para Carlos Vin\u00edcius cabecear bem, deixando tudo igual no placar do cl\u00e1ssico. Foi o primeiro gol do jogador com a camisa do Tricolor.<br \/>\nJ\u00e1 no final do primeiro tempo, aos 44 minutos, Aguirre fez um excelente cruzamento para Carbonero, que ficou livre de marca\u00e7\u00e3o e de frente para o gol, mas bateu muito mal e perdeu uma grande chance de colocar o time vermelho na vantagem novamente.<br \/>\nApesar disso, foi marcado mais um p\u00eanalti para o Internacional, ap\u00f3s o \u00e1rbitro de v\u00eddeo identificar toque no bra\u00e7o de Noriega dentro da \u00e1rea. Na cobran\u00e7a, Alan Patrick bateu no canto direito e marcou mais um gol. Ap\u00f3s a cobran\u00e7a, o zagueiro do Gr\u00eamio, autor dos dois lances de p\u00eanalti, ficou muito abalado, chorou e precisou ser consolado pelos companheiros de equipe.<br \/>\nO Gr\u00eamio empatou a partida logo na sequ\u00eancia com Andr\u00e9 Henrique. O atacante, que havia acabado de entrar no lugar de Carlos Vin\u00edcius, autor do primeiro gol, subiu alto dentro da \u00e1rea e cabeceou para o fundo das redes.<br \/>\nAguerrido, o Gr\u00eamio voltou melhor ap\u00f3s o intervalo e desempatou a partida com gol marcado por Alysson, que, com poucos segundos em campo, marcou o terceiro dos visitantes. Alysson recebeu passe em profundidade, venceu a disputa com Juninho em velocidade e finalizou bem para colocar o Imortal Tricolor em vantagem pela primeira vez na partida.<br \/>\nPouco depois de assumir a lideran\u00e7a, o Gr\u00eamio passou a ter um jogador a menos em campo. O volante Arthur foi expulso ap\u00f3s checagem do VAR, que anulou o cart\u00e3o amarelo recebido por ele e aplicou o vermelho direto por forte entrada.<br \/>\nO Colorado aproveitou a vantagem num\u00e9rica e atacou a defesa do Gr\u00eamio de todas as formas. Sem muita efici\u00eancia, os donos da casa n\u00e3o conseguiram voltar a marcar. Com o jogo se aproximando do final, Bernab\u00e9i foi expulso: ap\u00f3s entrada em Oliveira, recebeu o segundo cart\u00e3o amarelo e deixou o cl\u00e1ssico.<br \/>\nJ\u00e1 nos acr\u00e9scimos, quando a vit\u00f3ria do Gr\u00eamio parecia consolidada, o \u00e1rbitro Marcelo de Lima Henrique marcou mais um p\u00eanalti para o Internacional, ap\u00f3s falta em Aguirre. Mais uma vez, Alan Patrick foi para a cobran\u00e7a, mas carimbou a trave na terceira tentativa.<br \/>\nO Internacional volta a entrar em campo no s\u00e1bado (27\/9), \u00e0s 18h30, para enfrentar o Juventude, no Est\u00e1dio Alfredo Jaconi. Enquanto isso, o Gr\u00eamio permanece em Porto Alegre para enfrentar o Vit\u00f3ria no domingo (28\/9), \u00e0s 11h, em seu mando.<\/p>\n","protected":false},"excerpt":{"rendered":"<p>Alan Patrick marcou duas vezes de p\u00eanalti, mas Gr\u00eamio virou a partida e encerrou sequ\u00eancia de oito jogos sem vencer o Internacional Pedro Santana Um novo cap\u00edtulo para a hist\u00f3ria do Gre-Nal. De virada, o Gr\u00eamio venceu o Internacional por 3 x 2 neste domingo (21\/9) no Est\u00e1dio Beira Rio, em duelo v\u00e1lido pela 24\u00aa [&hellip;]<\/p>\n","protected":false},"author":2,"featured_media":33446,"comment_status":"open","ping_status":"open","sticky":false,"template":"","format":"standard","meta":{"footnotes":""},"categories":[45],"tags":[],"_links":{"self":[{"href":"https:\/\/sabuguinho.com.br\/site\/wp-json\/wp\/v2\/posts\/33443"}],"collection":[{"href":"https:\/\/sabuguinho.com.br\/site\/wp-json\/wp\/v2\/posts"}],"about":[{"href":"https:\/\/sabuguinho.com.br\/site\/wp-json\/wp\/v2\/types\/post"}],"author":[{"embeddable":true,"href":"https:\/\/sabuguinho.com.br\/site\/wp-json\/wp\/v2\/users\/2"}],"replies":[{"embeddable":true,"href":"https:\/\/sabuguinho.com.br\/site\/wp-json\/wp\/v2\/comments?post=33443"}],"version-history":[{"count":1,"href":"https:\/\/sabuguinho.com.br\/site\/wp-json\/wp\/v2\/posts\/33443\/revisions"}],"predecessor-version":[{"id":33447,"href":"https:\/\/sabuguinho.com.br\/site\/wp-json\/wp\/v2\/posts\/33443\/revisions\/33447"}],"wp:featuredmedia":[{"embeddable":true,"href":"https:\/\/sabuguinho.com.br\/site\/wp-json\/wp\/v2\/media\/33446"}],"wp:attachment":[{"href":"https:\/\/sabuguinho.com.br\/site\/wp-json\/wp\/v2\/media?parent=33443"}],"wp:term":[{"taxonomy":"category","embeddable":true,"href":"https:\/\/sabuguinho.com.br\/site\/wp-json\/wp\/v2\/categories?post=33443"},{"taxonomy":"post_tag","embeddable":true,"href":"https:\/\/sabuguinho.com.br\/site\/wp-json\/wp\/v2\/tags?post=33443"}],"curies":[{"name":"wp","href":"https:\/\/api.w.org\/{rel}","templated":true}]}}