{"id":33398,"date":"2025-09-21T09:35:39","date_gmt":"2025-09-21T12:35:39","guid":{"rendered":"https:\/\/sabuguinho.com.br\/site\/?p=33398"},"modified":"2025-09-21T09:35:39","modified_gmt":"2025-09-21T12:35:39","slug":"sesi-franca-e-rio-claro-comecam-disputa-das-quartas-de-final","status":"publish","type":"post","link":"https:\/\/sabuguinho.com.br\/site\/sesi-franca-e-rio-claro-comecam-disputa-das-quartas-de-final\/","title":{"rendered":"Sesi Franca e Rio Claro come\u00e7am disputa das quartas de final"},"content":{"rendered":"<p>Por N. Fradique | da Reda\u00e7\u00e3o<\/p>\n<p>O Sesi Franca come\u00e7a a disputa do playoff das quartas de final do Campeonato Paulista de Basquete 2025, neste s\u00e1bado, 20, no gin\u00e1sio Felipe Karam, \u00e0s 18h, em Rio Claro.<br \/>\nO time francano comandado por Helinho Garcia terminou a primeira fase da competi\u00e7\u00e3o l\u00edder, enquanto que o Rio Claro ficou com a \u00faltima vaga do G-8.<br \/>\nCom a melhor campanha do Estadual, a equipe francana ter\u00e1 a chance de decidir todos os jogos das pr\u00f3ximas fases em casa. O segundo duelo da s\u00e9rie melhor de tr\u00eas partidas desta fase ser\u00e1 ter\u00e7a-feira, 23. O terceiro jogo, se necess\u00e1rio, ser\u00e1 na quarta-feira, 24. Ambos \u00e0s 19h, no gin\u00e1sio Pedroc\u00e3o.<br \/>\nO t\u00e9cnico Helinho Garcia destaca a import\u00e2ncia de terminar a primeira fase na lideran\u00e7a da competi\u00e7\u00e3o. \u201cA gente finaliza a fase de classifica\u00e7\u00e3o em primeiro lugar e claro que com muita confian\u00e7a, muita motiva\u00e7\u00e3o, j\u00e1 que al\u00e9m de terminarmos em primeiro lugar, n\u00f3s sabemos o momento, o quanto \u00e9 importante, o quanto representa para que a equipe possa fazer o seu melhor e claro, buscar a conquista da vaga nas semifinais e assim por diante\u201d.<br \/>\nHelinho disse que \u00e9 importante vencer o primeiro confronto em Rio Claro nesta s\u00e9rie de apenas tr\u00eas duelos. \u201cAgora no playoff contra o Rio Claro, a gente tem tudo para estar focado e, claro, come\u00e7ar com uma grande vit\u00f3ria em Rio Claro seria muito importante para aquilo que a gente busca neste playoff\u201d.<br \/>\nA delega\u00e7\u00e3o do Sesi Franca, que jogou na quinta-feira em Mogi das Cruzes, viajou direto para Rio Claro. Com isso, todos os jogadores que v\u00eam jogando est\u00e3o \u00e0 disposi\u00e7\u00e3o de Helinho Garcia.<br \/>\nAs semifinais tamb\u00e9m ser\u00e3o disputadas em melhor de tr\u00eas partidas, apenas a final ser\u00e1 em s\u00e9rie de cinco jogos.<\/p>\n<p>Ingressos<\/p>\n<p>O Franca j\u00e1 colocou os ingressos \u00e0 venda para as partidas em casa contra o Rio Claro. No primeiro lote, os valores s\u00e3o R$ 20 arquibancadas e R$ 40 numeradas, at\u00e9 segunda-feira, 22. Depois, os valores ser\u00e3o reajustados para R$ 30 e R$ 60.<\/p>\n<p>Legenda<br \/>\nHelinho durante treino: agora \u00e9 playoff<\/p>\n","protected":false},"excerpt":{"rendered":"<p>Por N. Fradique | da Reda\u00e7\u00e3o O Sesi Franca come\u00e7a a disputa do playoff das quartas de final do Campeonato Paulista de Basquete 2025, neste s\u00e1bado, 20, no gin\u00e1sio Felipe Karam, \u00e0s 18h, em Rio Claro. O time francano comandado por Helinho Garcia terminou a primeira fase da competi\u00e7\u00e3o l\u00edder, enquanto que o Rio Claro [&hellip;]<\/p>\n","protected":false},"author":2,"featured_media":33401,"comment_status":"open","ping_status":"open","sticky":false,"template":"","format":"standard","meta":{"footnotes":""},"categories":[45],"tags":[],"_links":{"self":[{"href":"https:\/\/sabuguinho.com.br\/site\/wp-json\/wp\/v2\/posts\/33398"}],"collection":[{"href":"https:\/\/sabuguinho.com.br\/site\/wp-json\/wp\/v2\/posts"}],"about":[{"href":"https:\/\/sabuguinho.com.br\/site\/wp-json\/wp\/v2\/types\/post"}],"author":[{"embeddable":true,"href":"https:\/\/sabuguinho.com.br\/site\/wp-json\/wp\/v2\/users\/2"}],"replies":[{"embeddable":true,"href":"https:\/\/sabuguinho.com.br\/site\/wp-json\/wp\/v2\/comments?post=33398"}],"version-history":[{"count":1,"href":"https:\/\/sabuguinho.com.br\/site\/wp-json\/wp\/v2\/posts\/33398\/revisions"}],"predecessor-version":[{"id":33402,"href":"https:\/\/sabuguinho.com.br\/site\/wp-json\/wp\/v2\/posts\/33398\/revisions\/33402"}],"wp:featuredmedia":[{"embeddable":true,"href":"https:\/\/sabuguinho.com.br\/site\/wp-json\/wp\/v2\/media\/33401"}],"wp:attachment":[{"href":"https:\/\/sabuguinho.com.br\/site\/wp-json\/wp\/v2\/media?parent=33398"}],"wp:term":[{"taxonomy":"category","embeddable":true,"href":"https:\/\/sabuguinho.com.br\/site\/wp-json\/wp\/v2\/categories?post=33398"},{"taxonomy":"post_tag","embeddable":true,"href":"https:\/\/sabuguinho.com.br\/site\/wp-json\/wp\/v2\/tags?post=33398"}],"curies":[{"name":"wp","href":"https:\/\/api.w.org\/{rel}","templated":true}]}}