{"id":33366,"date":"2025-09-20T19:10:11","date_gmt":"2025-09-20T22:10:11","guid":{"rendered":"https:\/\/sabuguinho.com.br\/site\/?p=33366"},"modified":"2025-09-20T19:10:11","modified_gmt":"2025-09-20T22:10:11","slug":"defesa-civil-emite-alerta-de-temporal-para-bauru-e-regiao","status":"publish","type":"post","link":"https:\/\/sabuguinho.com.br\/site\/defesa-civil-emite-alerta-de-temporal-para-bauru-e-regiao\/","title":{"rendered":"Defesa Civil emite alerta de temporal para Bauru e regi\u00e3o"},"content":{"rendered":"<p>Por Tisa Moraes<\/p>\n<p>A Defesa Civil do Estado emitiu na tarde deste s\u00e1bado (20) um alerta de temporal para Bauru e diversas regi\u00f5es paulistas entre domingo e segunda-feira. A mudan\u00e7a no tempo ser\u00e1 provocada pela chegada de uma frente fria, ap\u00f3s dias de calor intenso e baixa umidade relativa do ar. De acordo com o comunicado, h\u00e1 risco de chuvas fortes, rajadas de vento, queda de raios e at\u00e9 granizo em algumas localidades.<br \/>\nEm Bauru, a expectativa \u00e9 de que as precipita\u00e7\u00f5es tamb\u00e9m deem alguma contribui\u00e7\u00e3o para a recupera\u00e7\u00e3o do n\u00edvel do Rio Batalha, respons\u00e1vel pelo abastecimento de \u00e1gua de 27% da popula\u00e7\u00e3o da cidade, atualmente submetida a racionamento. Neste s\u00e1bado, a lagoa de capta\u00e7\u00e3o do manancial est\u00e1 com apenas 1,64 metro, sendo o ideal 3,20 metros.<br \/>\nSegundo a Defesa Civil, as regi\u00f5es de maior aten\u00e7\u00e3o, nas quais pode haver chuva intensa acompanhada de ventos muito fortes, s\u00e3o as de Campinas, Sorocaba, S\u00e3o Paulo e Itapeva, al\u00e9m da Baixada Santista, Vale do Ribeira, Vale do Para\u00edba, Serra da Mantiqueira e Litoral Norte.<br \/>\nJ\u00e1 nas regi\u00f5es de Bauru, Araraquara, Presidente Prudente, Mar\u00edlia, Ara\u00e7atuba, S\u00e3o Jos\u00e9 do Rio Preto, Ribeir\u00e3o Preto, Franca e Barretos, a previs\u00e3o \u00e9 de chuvas moderadas com ventos fortes. Durante os temporais, a Defesa Civil recomenda evitar ficar pr\u00f3ximo a \u00e1rvores, procurar locais seguros, n\u00e3o praticar esportes aqu\u00e1ticos e jamais atravessar \u00e1reas alagadas. Em casos de emerg\u00eancia, a popula\u00e7\u00e3o deve acionar a Defesa Civil pelo 199 ou o Corpo de Bombeiros pelo 193.<\/p>\n<p>Legenda<br \/>\nChegada de nova frente fria deve mudar as condi\u00e7\u00f5es do tempo neste domingo e na segunda-feira<\/p>\n","protected":false},"excerpt":{"rendered":"<p>Por Tisa Moraes A Defesa Civil do Estado emitiu na tarde deste s\u00e1bado (20) um alerta de temporal para Bauru e diversas regi\u00f5es paulistas entre domingo e segunda-feira. A mudan\u00e7a no tempo ser\u00e1 provocada pela chegada de uma frente fria, ap\u00f3s dias de calor intenso e baixa umidade relativa do ar. De acordo com o [&hellip;]<\/p>\n","protected":false},"author":2,"featured_media":33369,"comment_status":"open","ping_status":"open","sticky":false,"template":"","format":"standard","meta":{"footnotes":""},"categories":[142],"tags":[],"_links":{"self":[{"href":"https:\/\/sabuguinho.com.br\/site\/wp-json\/wp\/v2\/posts\/33366"}],"collection":[{"href":"https:\/\/sabuguinho.com.br\/site\/wp-json\/wp\/v2\/posts"}],"about":[{"href":"https:\/\/sabuguinho.com.br\/site\/wp-json\/wp\/v2\/types\/post"}],"author":[{"embeddable":true,"href":"https:\/\/sabuguinho.com.br\/site\/wp-json\/wp\/v2\/users\/2"}],"replies":[{"embeddable":true,"href":"https:\/\/sabuguinho.com.br\/site\/wp-json\/wp\/v2\/comments?post=33366"}],"version-history":[{"count":1,"href":"https:\/\/sabuguinho.com.br\/site\/wp-json\/wp\/v2\/posts\/33366\/revisions"}],"predecessor-version":[{"id":33370,"href":"https:\/\/sabuguinho.com.br\/site\/wp-json\/wp\/v2\/posts\/33366\/revisions\/33370"}],"wp:featuredmedia":[{"embeddable":true,"href":"https:\/\/sabuguinho.com.br\/site\/wp-json\/wp\/v2\/media\/33369"}],"wp:attachment":[{"href":"https:\/\/sabuguinho.com.br\/site\/wp-json\/wp\/v2\/media?parent=33366"}],"wp:term":[{"taxonomy":"category","embeddable":true,"href":"https:\/\/sabuguinho.com.br\/site\/wp-json\/wp\/v2\/categories?post=33366"},{"taxonomy":"post_tag","embeddable":true,"href":"https:\/\/sabuguinho.com.br\/site\/wp-json\/wp\/v2\/tags?post=33366"}],"curies":[{"name":"wp","href":"https:\/\/api.w.org\/{rel}","templated":true}]}}