{"id":33346,"date":"2025-09-20T12:05:10","date_gmt":"2025-09-20T15:05:10","guid":{"rendered":"https:\/\/sabuguinho.com.br\/site\/?p=33346"},"modified":"2025-09-20T12:05:10","modified_gmt":"2025-09-20T15:05:10","slug":"caio-bonfim-e-ouro-nos-20-km-da-marcha-atletica-e-se-torna-o-maior-medalhista-brasileiro-em-mundiais","status":"publish","type":"post","link":"https:\/\/sabuguinho.com.br\/site\/caio-bonfim-e-ouro-nos-20-km-da-marcha-atletica-e-se-torna-o-maior-medalhista-brasileiro-em-mundiais\/","title":{"rendered":"Caio Bonfim \u00e9 ouro nos 20 km da marcha atl\u00e9tica e se torna o maior medalhista brasileiro em Mundiais"},"content":{"rendered":"<p>Caio Bonfim (CASO-DF) ganhou a medalha que faltava: o ouro. O brasileiro de 34 anos \u00e9 o campe\u00e3o mundial dos 20 km da marcha atl\u00e9tica, na prova disputada na noite desta sexta-feira (19\/9), em T\u00f3quio, e se tornou o maior medalhista do pa\u00eds em Mundiais. S\u00e3o quatro medalhas em oito edi\u00e7\u00f5es disputadas: bronze em Londres-2017 e Budapeste-2023 no 20 km, e a prata nos 35 km conquistada no primeiro dia do Mundial (12\/9).<br \/>\nCom a segunda medalha de Caio Bonfim na competi\u00e7\u00e3o japonesa, o Brasil chegou a 19 p\u00f3dios em Mundiais. S\u00e3o tr\u00eas ouros \u2013 o primeiro lugar do marchador brasiliense se soma aos t\u00edtulos de Alison dos Santos, nos 400 metros com barreiras em Eugene-2022, e de Fabiana Murer, no salto com vara, em Pequim-2015. At\u00e9 agora, esta tamb\u00e9m \u00e9 a melhor campanha do Brasil em Mundiais, com um ouro e duas pratas: al\u00e9m das duas medalhas de Caio Bonfim, Alison dos Santos sagrou-se vice-campe\u00e3o dos 400 metros com barreiras.<br \/>\nCaio Bonfim venceu com o tempo de 1:18:35, seguido pelo chin\u00eas Zhaozhao Wang (1:18:43) e pelo espanhol Paul McGrath (1:18:45). Matheus Corr\u00eaa (AABLU-SC) terminou a prova em 17\u00ba (1:21:04) e Max Batista, em 42\u00ba (1:27:34). Na prova feminina, Viviane Lyra foi a 12\u00aa colocada, com o tempo de 1:29:02, e Gabriele Muniz (CASO-DF) terminou em 32\u00ba (1:34:28). \u00c9rica Sena (Pinheiros-SP) abandonou a prova ap\u00f3s o terceiro quil\u00f4metro.<br \/>\nJ\u00e1 dentro do est\u00e1dio, Caio ainda demorou um pouco para entender que era o campe\u00e3o. \u201cAinda n\u00e3o caiu a ficha. Eu n\u00e3o sabia que era ouro. Eu passei o chin\u00eas e o espanhol na \u00faltima volta, fiz a vinda para o est\u00e1dio (marchando) r\u00e1pido, porque eu pensei: \u2018eles v\u00e3o lutar e eu posso perder a medalha, s\u00e3o caras velozes\u2019. Quando chego no est\u00e1dio, vejo a faixa e penso: \u2018u\u00e9, nos 35 km eu fui segundo e n\u00e3o tinha faixa\u2019. E a\u00ed pensei: \u2018meu Deus, eu vou ser campe\u00e3o do mundo!&#8217;\u201d. N\u00e3o sabia que o japon\u00eas Toshikazu Yamanishi tinha sido punido por faltas e n\u00e3o estava na frente.<br \/>\nCaio Bonfim conquista ouro in\u00e9dito, sua quarta medalha em Mundiais (Foto: Fernanda Paradizo\/CBAt)<br \/>\nDepois da conquista da medalha de prata nos 35 km, h\u00e1 uma semana, Caio Bonfim dedicou-se \u00e0 recupera\u00e7\u00e3o depois de uma prova desgastante, realizada no forte calor e na alta umidade da capital japonesa. Mais uma vez, o brasileiro se mostrou um grande estrategista, evoluindo na prova com calma e consist\u00eancia.<br \/>\nNos primeiros sete quil\u00f4metros de prova, Caio n\u00e3o estava nem entre os 20 primeiros colocados. Mas, na segunda metade da disputa, foi galgando posi\u00e7\u00f5es, entrando no grupo dos 10 primeiros. Chegou a liderar no km 14, afastou-se da ponta nos quil\u00f4metros seguintes, para retornar ao 4\u00ba lugar no km 18. No quil\u00f4metro final, acelerou para o primeiro lugar, onde se manteve at\u00e9 ultrapassar a linha de chegada no Est\u00e1dio Nacional do Jap\u00e3o.<br \/>\n\u201cEssa \u00e9 uma prova muito dif\u00edcil. Os 20 km s\u00e3o muito intensos, e eu vim crescendo. Sabia que eu tinha velocidade, ent\u00e3o eu n\u00e3o podia gastar. Queria fazer os primeiros seis quil\u00f4metros bem conservadores para fazer uma prova de 14 km. Foi um Mundial de muita resili\u00eancia, de ficar pensando \u2018n\u00e3o desiste, n\u00e3o desiste, mais uma volta, mais uma volta\u2019. Fui construindo isso, claro, com muito treino, e uma equipe muito preparada\u201d.<br \/>\nCaio, mais uma vez, fez quest\u00e3o de agradecer a todos a seus apoiadores mas, principalmente, seus pais, que tamb\u00e9m s\u00e3o seus treinadores: Gianetti e Jo\u00e3o Sena. \u201cMeu pai, meu treinador, que fez esse trabalho para que eu n\u00e3o errasse o pico e chegasse em setembro no auge, para essa ousadia que era subir no p\u00f3dio nas duas provas. E tem o trabalho da minha m\u00e3e: em 2013, eu estava brigando por medalha no Mundial e n\u00e3o consegui terminar, e agora dei um sprint com uma falta no quadro, o que mostra que tecnicamente eu estava muito bem\u201d, disse o marchador, que tamb\u00e9m citou o apoio da Confedera\u00e7\u00e3o Brasileira de Atletismo (CBAt) e aos profissionais da fisiologia e da fisioterapia que garantiram sua recupera\u00e7\u00e3o ap\u00f3s os 35 km.<br \/>\nO marchador tamb\u00e9m mencionou os sacrif\u00edcios, como a dist\u00e2ncia da fam\u00edlia \u2013 a esposa, Juliana, os filhos Miguel, Th\u00e9o e Manuel, nascido em julho. \u201cAs crian\u00e7as sofrem de saudade, ent\u00e3o estou aqui por eles. Tem que valer a pena. Quando eu estava nas \u00faltimas duas voltas, em que eu j\u00e1 n\u00e3o tinha for\u00e7a, eu pensei: \u2018os moleques est\u00e3o sofrendo por uma escolha que voc\u00ea fez, cara, n\u00e3o se entrega\u2019. E a\u00ed voc\u00ea d\u00e1 um jeito\u201d. Caio ainda revelou que perdeu a alian\u00e7a de casamento no terceiro quil\u00f4metro. E brincou: \u201cAcho que minha esposa s\u00f3 vai me perdoar se eu conseguir o ouro\u201d.<br \/>\nCaio Bonfim subir\u00e1 ao p\u00f3dio para ouvir o hino nacional na manh\u00e3 de s\u00e1bado (20\/9), pelo hor\u00e1rio de Bras\u00edlia, noite de s\u00e1bado em T\u00f3quio. Ter\u00e1 a companhia de Alison dos Santos, que tamb\u00e9m receber\u00e1 oficialmente a medalha de prata dos 400 m com barreiras.<\/p>\n<p>Fonte: CBAt<\/p>\n","protected":false},"excerpt":{"rendered":"<p>Caio Bonfim (CASO-DF) ganhou a medalha que faltava: o ouro. O brasileiro de 34 anos \u00e9 o campe\u00e3o mundial dos 20 km da marcha atl\u00e9tica, na prova disputada na noite desta sexta-feira (19\/9), em T\u00f3quio, e se tornou o maior medalhista do pa\u00eds em Mundiais. S\u00e3o quatro medalhas em oito edi\u00e7\u00f5es disputadas: bronze em Londres-2017 [&hellip;]<\/p>\n","protected":false},"author":2,"featured_media":33349,"comment_status":"open","ping_status":"open","sticky":false,"template":"","format":"standard","meta":{"footnotes":""},"categories":[45],"tags":[],"_links":{"self":[{"href":"https:\/\/sabuguinho.com.br\/site\/wp-json\/wp\/v2\/posts\/33346"}],"collection":[{"href":"https:\/\/sabuguinho.com.br\/site\/wp-json\/wp\/v2\/posts"}],"about":[{"href":"https:\/\/sabuguinho.com.br\/site\/wp-json\/wp\/v2\/types\/post"}],"author":[{"embeddable":true,"href":"https:\/\/sabuguinho.com.br\/site\/wp-json\/wp\/v2\/users\/2"}],"replies":[{"embeddable":true,"href":"https:\/\/sabuguinho.com.br\/site\/wp-json\/wp\/v2\/comments?post=33346"}],"version-history":[{"count":1,"href":"https:\/\/sabuguinho.com.br\/site\/wp-json\/wp\/v2\/posts\/33346\/revisions"}],"predecessor-version":[{"id":33350,"href":"https:\/\/sabuguinho.com.br\/site\/wp-json\/wp\/v2\/posts\/33346\/revisions\/33350"}],"wp:featuredmedia":[{"embeddable":true,"href":"https:\/\/sabuguinho.com.br\/site\/wp-json\/wp\/v2\/media\/33349"}],"wp:attachment":[{"href":"https:\/\/sabuguinho.com.br\/site\/wp-json\/wp\/v2\/media?parent=33346"}],"wp:term":[{"taxonomy":"category","embeddable":true,"href":"https:\/\/sabuguinho.com.br\/site\/wp-json\/wp\/v2\/categories?post=33346"},{"taxonomy":"post_tag","embeddable":true,"href":"https:\/\/sabuguinho.com.br\/site\/wp-json\/wp\/v2\/tags?post=33346"}],"curies":[{"name":"wp","href":"https:\/\/api.w.org\/{rel}","templated":true}]}}