{"id":333,"date":"2023-10-31T18:19:02","date_gmt":"2023-10-31T21:19:02","guid":{"rendered":"https:\/\/sabuguinho.com.br\/site\/?p=333"},"modified":"2023-10-31T18:19:02","modified_gmt":"2023-10-31T21:19:02","slug":"banda-melim-anuncia-pausa-e-irmaos-seguirao-carreiras-solo-nao-e-um-fim","status":"publish","type":"post","link":"https:\/\/sabuguinho.com.br\/site\/banda-melim-anuncia-pausa-e-irmaos-seguirao-carreiras-solo-nao-e-um-fim\/","title":{"rendered":"Banda Melim anuncia pausa e irm\u00e3os seguir\u00e3o carreiras solo: &#8216;N\u00e3o \u00e9 um fim&#8217;"},"content":{"rendered":"<p>Rodrigo, Diogo e Gabi confirmaram a separa\u00e7\u00e3o por tempo indeterminado em grava\u00e7\u00e3o do &#8216;Altas Horas&#8217;: &#8216;Para seguir nossos sonhos&#8217;<\/p>\n<p>Rio &#8211; A banda Melim anunciou que far\u00e1 uma pausa por tempo indeterminado nas atividades como um trio. Em grava\u00e7\u00e3o do &#8220;Altas Horas&#8221;, nesta segunda-feira (30), os irm\u00e3os Rodrigo, Diogo e Gabi Melim surpreenderam os f\u00e3s ao revelar que seguir\u00e3o por caminhos separados em breve, depois de completarem oito de carreira como grupo.<br \/>\n&#8220;Vamos dar uma pausa na nossa banda para seguir nossos sonhos. Teremos carreiras solo&#8221;, declarou Diogo, no palco do programa apresentado por Serginho Groisman, em epis\u00f3dio que vai ao ar no s\u00e1bado, dia 4 de novembro. &#8220;Como um Melim \u00e9 pouco, teremos tr\u00eas Melim&#8217;s para voc\u00eas&#8221;, brincou o cantor de 31 anos, na sequ\u00eancia.<br \/>\nCa\u00e7ula da fam\u00edlia, Gabi tamb\u00e9m comentou a decis\u00e3o ao lado dos irm\u00e3os: &#8220;\u00c9 um encerramento de ciclo. N\u00e3o \u00e9 um fim. \u00c9 o come\u00e7o de outro (ciclo). A banda Melim sempre vai existir na gente e faz parte do que a gente \u00e9&#8221;, disse a artista. &#8220;N\u00e3o me olhem com essa cara porque eu vou chorar&#8221;, completou a artista, de 29, emocionada.<\/p>\n<blockquote class=\"twitter-tweet\" data-width=\"500\" data-dnt=\"true\">\n<p lang=\"pt\" dir=\"ltr\">\ud83d\udea8 Veja o momento em que o Melim anuncia que o grupo dar\u00e1 uma pausa por tempo indeterminado. <a href=\"https:\/\/t.co\/FC9Lfdhk8H\">pic.twitter.com\/FC9Lfdhk8H<\/a><\/p>\n<p>&mdash; Portal POP Mais (@sitepopmais) <a href=\"https:\/\/twitter.com\/sitepopmais\/status\/1719130855556166048?ref_src=twsrc%5Etfw\">October 30, 2023<\/a><\/p><\/blockquote>\n<p><script async src=\"https:\/\/platform.twitter.com\/widgets.js\" charset=\"utf-8\"><\/script><\/p>\n<p>Duas vezes indicada ao Grammy Latino, a banda Melim se tornou um dos grupos de maior sucesso no pa\u00eds desde que os irm\u00e3os se juntaram para uma apresenta\u00e7\u00e3o no Rio Grande do Sul, em outubro de 2015. Os g\u00eameos Rodrigo e Diogo j\u00e1 se apresentavam com outra banda, quando decidiram acompanhar a irm\u00e3 mais nova, Gabi, em um show. A parceria entre os tr\u00eas se firmou com a participa\u00e7\u00e3o no reality show &#8220;Superstar&#8221;, da Globo<br \/>\nJuntos, os artistas lan\u00e7aram tr\u00eas \u00e1lbuns de est\u00fadio e colecionaram hits como as m\u00fasicas &#8220;Ouvi Dizer&#8221; e &#8220;Meu Abrigo&#8221;, al\u00e9m de firmarem parcerias com nomes como Ivete Sangalo, Djavan e Emicida.<\/p>\n<p><img loading=\"lazy\" decoding=\"async\" src=\"https:\/\/sabuguinho.com.br\/site\/wp-content\/uploads\/2023\/10\/foto__sergio_blazer_ii-27112727-100x150.webp\" alt=\"\" width=\"100\" height=\"150\" class=\"alignnone size-medium wp-image-334\" srcset=\"https:\/\/sabuguinho.com.br\/site\/wp-content\/uploads\/2023\/10\/foto__sergio_blazer_ii-27112727-100x150.webp 100w, https:\/\/sabuguinho.com.br\/site\/wp-content\/uploads\/2023\/10\/foto__sergio_blazer_ii-27112727-341x512.webp 341w, https:\/\/sabuguinho.com.br\/site\/wp-content\/uploads\/2023\/10\/foto__sergio_blazer_ii-27112727-768x1153.webp 768w, https:\/\/sabuguinho.com.br\/site\/wp-content\/uploads\/2023\/10\/foto__sergio_blazer_ii-27112727-1023x1536.webp 1023w, https:\/\/sabuguinho.com.br\/site\/wp-content\/uploads\/2023\/10\/foto__sergio_blazer_ii-27112727-750x1126.webp 750w, https:\/\/sabuguinho.com.br\/site\/wp-content\/uploads\/2023\/10\/foto__sergio_blazer_ii-27112727-1140x1711.webp 1140w, https:\/\/sabuguinho.com.br\/site\/wp-content\/uploads\/2023\/10\/foto__sergio_blazer_ii-27112727.webp 1279w\" sizes=\"(max-width: 100px) 100vw, 100px\" \/><\/p>\n","protected":false},"excerpt":{"rendered":"<p>Rodrigo, Diogo e Gabi confirmaram a separa\u00e7\u00e3o por tempo indeterminado em grava\u00e7\u00e3o do &#8216;Altas Horas&#8217;: &#8216;Para seguir nossos sonhos&#8217; Rio &#8211; A banda Melim anunciou que far\u00e1 uma pausa por tempo indeterminado nas atividades como um trio. Em grava\u00e7\u00e3o do &#8220;Altas Horas&#8221;, nesta segunda-feira (30), os irm\u00e3os Rodrigo, Diogo e Gabi Melim surpreenderam os f\u00e3s [&hellip;]<\/p>\n","protected":false},"author":2,"featured_media":335,"comment_status":"open","ping_status":"open","sticky":false,"template":"","format":"standard","meta":{"footnotes":""},"categories":[56],"tags":[],"_links":{"self":[{"href":"https:\/\/sabuguinho.com.br\/site\/wp-json\/wp\/v2\/posts\/333"}],"collection":[{"href":"https:\/\/sabuguinho.com.br\/site\/wp-json\/wp\/v2\/posts"}],"about":[{"href":"https:\/\/sabuguinho.com.br\/site\/wp-json\/wp\/v2\/types\/post"}],"author":[{"embeddable":true,"href":"https:\/\/sabuguinho.com.br\/site\/wp-json\/wp\/v2\/users\/2"}],"replies":[{"embeddable":true,"href":"https:\/\/sabuguinho.com.br\/site\/wp-json\/wp\/v2\/comments?post=333"}],"version-history":[{"count":1,"href":"https:\/\/sabuguinho.com.br\/site\/wp-json\/wp\/v2\/posts\/333\/revisions"}],"predecessor-version":[{"id":336,"href":"https:\/\/sabuguinho.com.br\/site\/wp-json\/wp\/v2\/posts\/333\/revisions\/336"}],"wp:featuredmedia":[{"embeddable":true,"href":"https:\/\/sabuguinho.com.br\/site\/wp-json\/wp\/v2\/media\/335"}],"wp:attachment":[{"href":"https:\/\/sabuguinho.com.br\/site\/wp-json\/wp\/v2\/media?parent=333"}],"wp:term":[{"taxonomy":"category","embeddable":true,"href":"https:\/\/sabuguinho.com.br\/site\/wp-json\/wp\/v2\/categories?post=333"},{"taxonomy":"post_tag","embeddable":true,"href":"https:\/\/sabuguinho.com.br\/site\/wp-json\/wp\/v2\/tags?post=333"}],"curies":[{"name":"wp","href":"https:\/\/api.w.org\/{rel}","templated":true}]}}