{"id":33224,"date":"2025-09-18T15:12:21","date_gmt":"2025-09-18T18:12:21","guid":{"rendered":"https:\/\/sabuguinho.com.br\/site\/?p=33224"},"modified":"2025-09-18T15:12:21","modified_gmt":"2025-09-18T18:12:21","slug":"homem-e-preso-em-flagrante-apos-furtar-quatro-estabelecimentos-comerciais-em-avare","status":"publish","type":"post","link":"https:\/\/sabuguinho.com.br\/site\/homem-e-preso-em-flagrante-apos-furtar-quatro-estabelecimentos-comerciais-em-avare\/","title":{"rendered":"HOMEM \u00c9 PRESO EM FLAGRANTE AP\u00d3S FURTAR QUATRO ESTABELECIMENTOS COMERCIAIS EM AVAR\u00c9"},"content":{"rendered":"<p>Um homem foi preso em flagrante pela pol\u00edcia na manh\u00e3 desta quinta-feira (18), ap\u00f3s cometer uma s\u00e9rie de furtos em estabelecimentos comerciais no centro de Avar\u00e9. De acordo com a pol\u00edcia, o indiv\u00edduo \u00e9 respons\u00e1vel por furtar quatro lojas apenas nesta data e possui um extenso hist\u00f3rico criminal, com nove passagens anteriores pelo mesmo crime.<br \/>\nA a\u00e7\u00e3o policial come\u00e7ou durante um patrulhamento de rotina pela \u00e1rea central. Os policiais foram abordados por funcion\u00e1rios de um supermercado da cidade, que relataram ter sido v\u00edtimas de um furto h\u00e1 poucos minutos.<br \/>\n\u201cDe posse das informa\u00e7\u00f5es e das caracter\u00edsticas do indiv\u00edduo, n\u00f3s, que est\u00e1vamos em patrulhamento pela \u00e1rea central, abordamos um homem com caracter\u00edsticas semelhantes\u201d, detalhou o capit\u00e3o Murilo ao Inter News. \u201cCom ele, localizamos alguns produtos similares aos que foram relatados pelo estabelecimento\u201d, acrescentou.<br \/>\nDurante a abordagem, o homem n\u00e3o apenas confirmou o furto ao supermercado, mas tamb\u00e9m assumiu a autoria de outros tr\u00eas crimes praticados na mesma manh\u00e3. \u201cEm conversa com o mesmo, ele acabou assumindo que havia furtado n\u00e3o s\u00f3 aquele estabelecimento, como outros. Ent\u00e3o, ao todo, esse mesmo indiv\u00edduo, na data de hoje, furtou quatro estabelecimentos comerciais da cidade\u201d, informou a autoridade policial.<br \/>\nConforme levantamento feito pelos agentes, o preso j\u00e1 possui um longo hist\u00f3rico criminal, com nove passagens anteriores pelo crime de furto, e j\u00e1 cumpriu pena no sistema prisional.<br \/>\nO indiv\u00edduo foi conduzido ao Plant\u00e3o Policial para os procedimentos cab\u00edveis. Ap\u00f3s a cust\u00f3dia, ele ficou \u00e0 disposi\u00e7\u00e3o da Justi\u00e7a.<\/p>\n","protected":false},"excerpt":{"rendered":"<p>Um homem foi preso em flagrante pela pol\u00edcia na manh\u00e3 desta quinta-feira (18), ap\u00f3s cometer uma s\u00e9rie de furtos em estabelecimentos comerciais no centro de Avar\u00e9. De acordo com a pol\u00edcia, o indiv\u00edduo \u00e9 respons\u00e1vel por furtar quatro lojas apenas nesta data e possui um extenso hist\u00f3rico criminal, com nove passagens anteriores pelo mesmo crime. [&hellip;]<\/p>\n","protected":false},"author":2,"featured_media":33227,"comment_status":"open","ping_status":"open","sticky":false,"template":"","format":"standard","meta":{"footnotes":""},"categories":[86,1],"tags":[],"_links":{"self":[{"href":"https:\/\/sabuguinho.com.br\/site\/wp-json\/wp\/v2\/posts\/33224"}],"collection":[{"href":"https:\/\/sabuguinho.com.br\/site\/wp-json\/wp\/v2\/posts"}],"about":[{"href":"https:\/\/sabuguinho.com.br\/site\/wp-json\/wp\/v2\/types\/post"}],"author":[{"embeddable":true,"href":"https:\/\/sabuguinho.com.br\/site\/wp-json\/wp\/v2\/users\/2"}],"replies":[{"embeddable":true,"href":"https:\/\/sabuguinho.com.br\/site\/wp-json\/wp\/v2\/comments?post=33224"}],"version-history":[{"count":1,"href":"https:\/\/sabuguinho.com.br\/site\/wp-json\/wp\/v2\/posts\/33224\/revisions"}],"predecessor-version":[{"id":33228,"href":"https:\/\/sabuguinho.com.br\/site\/wp-json\/wp\/v2\/posts\/33224\/revisions\/33228"}],"wp:featuredmedia":[{"embeddable":true,"href":"https:\/\/sabuguinho.com.br\/site\/wp-json\/wp\/v2\/media\/33227"}],"wp:attachment":[{"href":"https:\/\/sabuguinho.com.br\/site\/wp-json\/wp\/v2\/media?parent=33224"}],"wp:term":[{"taxonomy":"category","embeddable":true,"href":"https:\/\/sabuguinho.com.br\/site\/wp-json\/wp\/v2\/categories?post=33224"},{"taxonomy":"post_tag","embeddable":true,"href":"https:\/\/sabuguinho.com.br\/site\/wp-json\/wp\/v2\/tags?post=33224"}],"curies":[{"name":"wp","href":"https:\/\/api.w.org\/{rel}","templated":true}]}}