{"id":32697,"date":"2025-09-12T10:29:33","date_gmt":"2025-09-12T13:29:33","guid":{"rendered":"https:\/\/sabuguinho.com.br\/site\/?p=32697"},"modified":"2025-09-12T10:29:38","modified_gmt":"2025-09-12T13:29:38","slug":"juventude-projeto-de-ia-contra-evasao-escolar-coloca-avare-na-final-do-spjovem","status":"publish","type":"post","link":"https:\/\/sabuguinho.com.br\/site\/juventude-projeto-de-ia-contra-evasao-escolar-coloca-avare-na-final-do-spjovem\/","title":{"rendered":"JUVENTUDE &#8211;  Projeto de IA contra evas\u00e3o escolar coloca Avar\u00e9 na final do SPJovem"},"content":{"rendered":"<p>Programa estadual valoriza projetos inovadores desenvolvidos pela juventude; projeto apresentado \u00e9 fruto de parceria com UNESP_<\/p>\n<p>Avar\u00e9 chegou \u00e0 fase final do edital SPJovem, iniciativa do Governo do Estado de S\u00e3o Paulo que valoriza projetos inovadores desenvolvidos por e para a juventude.<br \/>\nA informa\u00e7\u00e3o \u00e9 da Secretaria Municipal da Juventude. A conquista \u00e9 fruto de parceria com a EJCOMP, empresa j\u00fanior da UNESP de Presidente Prudente.<br \/>\nA uni\u00e3o entre Juventude e EJCOMP resultou na apresenta\u00e7\u00e3o de um projeto pioneiro: o desenvolvimento de uma intelig\u00eancia artificial (IA) que visa prevenir a evas\u00e3o escolar.<br \/>\nA ferramenta de IA obteve nota m\u00e1xima dentro da proposta. \u201cPensamos em um projeto al\u00e9m do lugar-comum, algo que poderia impactar a viv\u00eancia do munic\u00edpio\u201d, destaca a EJCOMP, que agradeceu em nota a parceria bem-sucedida com Avar\u00e9.<br \/>\nCom isso, a Secretaria da Juventude de Avar\u00e9 j\u00e1 garantiu R$ 100 mil em recursos, viabilizados por meio do apoio da deputada estadual Fabiana Bolsonaro e do coordenador Estadual da Juventude, Juliano Borges, ligado \u00e0 Secretaria de Justi\u00e7a e Cidadania, sob a lideran\u00e7a do secret\u00e1rio F\u00e1bio Prieto.<br \/>\nA ferramenta de IA obteve nota m\u00e1xima dentro da proposta. \u201cPensamos em um projeto al\u00e9m do lugar-comum, algo que poderia impactar a viv\u00eancia do munic\u00edpio\u201d, destaca a EJCOMP, que agradeceu em nota a parceria bem-sucedida com Avar\u00e9.<br \/>\nO prefeito Roberto Araujo, que vem investindo no protagonismo juvenil de Avar\u00e9, comemorou a conquista. <\/p>\n<p>*Finalista* <\/p>\n<p>O edital contou inicialmente com cerca de 80 projetos inscritos em todo o estado. Ap\u00f3s a primeira sele\u00e7\u00e3o, 16 foram classificados.<br \/>\nAgora, na reta final, Avar\u00e9 figura entre os 11 finalistas. Os tr\u00eas melhores projetos ser\u00e3o premiados com R$ 5 mil (vencedor), R$ 3 mil (2\u00ba colocado) e R$ 2 mil (3\u00ba lugar).<br \/>\nOs valores ser\u00e3o destinados \u00e0s empresas juniores respons\u00e1veis pelas propostas. O resultado final sai em dezembro. <\/p>\n<p>*Reconhecimento estadual*<\/p>\n<p>Durante a cerim\u00f4nia de an\u00fancio, o secret\u00e1rio da Juventude de Avar\u00e9, Victor Paschoal, destacou a relev\u00e2ncia da iniciativa. <\/p>\n<p>&#8220;O SPJovem veio para dar a voz que o jovem<br \/>\nmerece, e colocar em evid\u00eancia a capacidade resolutiva dos jovens, al\u00e9m, claro, de devolver parte dos recursos investidos na educa\u00e7\u00e3o de volta \u00e0 comunidade\u201d, disse o gestor, que representou na ocasi\u00e3o o munic\u00edpio e tamb\u00e9m colegas secret\u00e1rios e \u00f3rg\u00e3os p\u00fablicos da juventude do estado. <\/p>\n<p>*Parcerias futuras*<\/p>\n<p>Avar\u00e9 conta com institui\u00e7\u00f5es de ensino superior de qualidade, que contribuem para a forma\u00e7\u00e3o t\u00e9cnica e cient\u00edfica da regi\u00e3o.<br \/>\n\u201cA proposta agora \u00e9 firmar novas parcerias com essas institui\u00e7\u00f5es com o objetivo de ampliar o desenvolvimento de projetos inovadores voltados \u00e0 juventude\u201d, destaca o secret\u00e1rio.<\/p>\n<p>Legenda<br \/>\nOs secret\u00e1rios Victor Paschoal e Tom Murbach com Juliano, deputada Fabiana e Fabio Prieto<\/p>\n","protected":false},"excerpt":{"rendered":"<p>Programa estadual valoriza projetos inovadores desenvolvidos pela juventude; projeto apresentado \u00e9 fruto de parceria com UNESP_ Avar\u00e9 chegou \u00e0 fase final do edital SPJovem, iniciativa do Governo do Estado de S\u00e3o Paulo que valoriza projetos inovadores desenvolvidos por e para a juventude. A informa\u00e7\u00e3o \u00e9 da Secretaria Municipal da Juventude. A conquista \u00e9 fruto de [&hellip;]<\/p>\n","protected":false},"author":2,"featured_media":32699,"comment_status":"open","ping_status":"open","sticky":false,"template":"","format":"standard","meta":{"footnotes":""},"categories":[58,1],"tags":[],"_links":{"self":[{"href":"https:\/\/sabuguinho.com.br\/site\/wp-json\/wp\/v2\/posts\/32697"}],"collection":[{"href":"https:\/\/sabuguinho.com.br\/site\/wp-json\/wp\/v2\/posts"}],"about":[{"href":"https:\/\/sabuguinho.com.br\/site\/wp-json\/wp\/v2\/types\/post"}],"author":[{"embeddable":true,"href":"https:\/\/sabuguinho.com.br\/site\/wp-json\/wp\/v2\/users\/2"}],"replies":[{"embeddable":true,"href":"https:\/\/sabuguinho.com.br\/site\/wp-json\/wp\/v2\/comments?post=32697"}],"version-history":[{"count":1,"href":"https:\/\/sabuguinho.com.br\/site\/wp-json\/wp\/v2\/posts\/32697\/revisions"}],"predecessor-version":[{"id":32700,"href":"https:\/\/sabuguinho.com.br\/site\/wp-json\/wp\/v2\/posts\/32697\/revisions\/32700"}],"wp:featuredmedia":[{"embeddable":true,"href":"https:\/\/sabuguinho.com.br\/site\/wp-json\/wp\/v2\/media\/32699"}],"wp:attachment":[{"href":"https:\/\/sabuguinho.com.br\/site\/wp-json\/wp\/v2\/media?parent=32697"}],"wp:term":[{"taxonomy":"category","embeddable":true,"href":"https:\/\/sabuguinho.com.br\/site\/wp-json\/wp\/v2\/categories?post=32697"},{"taxonomy":"post_tag","embeddable":true,"href":"https:\/\/sabuguinho.com.br\/site\/wp-json\/wp\/v2\/tags?post=32697"}],"curies":[{"name":"wp","href":"https:\/\/api.w.org\/{rel}","templated":true}]}}