{"id":32670,"date":"2025-09-11T11:47:28","date_gmt":"2025-09-11T14:47:28","guid":{"rendered":"https:\/\/sabuguinho.com.br\/site\/?p=32670"},"modified":"2025-09-11T11:48:56","modified_gmt":"2025-09-11T14:48:56","slug":"confira-a-programacao-musical-da-42a-fampop-que-tem-chico-cesar-como-patrono","status":"publish","type":"post","link":"https:\/\/sabuguinho.com.br\/site\/confira-a-programacao-musical-da-42a-fampop-que-tem-chico-cesar-como-patrono\/","title":{"rendered":"Confira a programa\u00e7\u00e3o musical da 42\u00aa Fampop, que tem Chico C\u00e9sar como patrono"},"content":{"rendered":"<p>Seguem abertas at\u00e9 19 de setembro; s\u00e3o mais de R$ 40 mil em premia\u00e7\u00e3o<\/p>\n<p>Por: REDA\u00c7\u00c3O | SECOM.<\/p>\n<p>O cantor e compositor Chico C\u00e9sar \u00e9 o patrono da 42\u00aa Feira Avareense da M\u00fasica Popular (Fampop), que acontece de 9 a 12 de outubro na Concha Ac\u00fastica.<br \/>\nO evento \u00e9 aberto ao p\u00fablico. A edi\u00e7\u00e3o que promete refundar um dos mais importantes festivais musicais do pa\u00eds \u00e9 uma realiza\u00e7\u00e3o da Prefeitura da Est\u00e2ncia Tur\u00edstica de Avar\u00e9, por meio da Secretaria Municipal da Cultura, com apoio da Associa\u00e7\u00e3o Paulista dos Amigos da Arte (APAA).<br \/>\nMas n\u00e3o para por a\u00ed. Al\u00e9m da estrela da MPB, que encerra o festival no domingo, 12, e foi revelada na Fampop de 1991, a edi\u00e7\u00e3o 2025 conta com outras atra\u00e7\u00f5es musicais.<br \/>\nJovem talento da m\u00fasica, a avareense Maria Fernanda Freitas se apresenta na quinta-feira, 9. A cantora foi a vencedora da edi\u00e7\u00e3o 2024 da Fampopinha Estudantil, porta de entrada para a feira nacional.<br \/>\nO m\u00fasico Jo\u00e3o Gabriel, que tem trajet\u00f3ria estabelecida no meio musical avareense, sobe ao palco na sexta-feira, 10. O cantor e instrumentista ganhou o pr\u00eamio de melhor m\u00fasica avareense na Fampop de 2023.<br \/>\nJ\u00e1 o 5 a Seco, um dos nomes mais conhecidos da nova MPB, \u00e9 atra\u00e7\u00e3o no s\u00e1bado, 11. O grupo paulistano formado por Leo Bianchini, Pedro Alt\u00e9rio, Pedro Vi\u00e1fora, T\u00f3 Brandileone e Vinicius Calderoni n\u00e3o foi escolhido por acaso: seus integrantes j\u00e1 concorreram em edi\u00e7\u00f5es anteriores da Fampop.<br \/>\nEm resumo, todas as atra\u00e7\u00f5es musicais da edi\u00e7\u00e3o possuem uma hist\u00f3ria com o festival. \u201cA programa\u00e7\u00e3o musical da Fampop 2025 reflete exatamente isso: o quanto a feira impacta positivamente na trajet\u00f3ria dos artistas\u201d, explica a Secretaria Municipal da Cultura.<\/p>\n<p>Inscri\u00e7\u00f5es<\/p>\n<p>As inscri\u00e7\u00f5es para a 42\u00aa seguem abertas at\u00e9 19 de setembro. S\u00e3o mais de R$ 40 mil em premia\u00e7\u00e3o.<\/p>\n<p>Compositores de todo o Brasil podem se inscrever gratuitamente pelo https:\/\/fampop.art\/<\/p>\n<p>A 42\u00aa Fampop traz ainda oportunidades para compositores de Avar\u00e9. Doze m\u00fasicas avareenses v\u00e3o disputar duas vagas para a fase nacional da feira.<\/p>\n<p>Premia\u00e7\u00e3o<\/p>\n<p>A can\u00e7\u00e3o vencedora da 42\u00aa Fampop ser\u00e1 premiada com R$ 18 mil, al\u00e9m de tr\u00eas di\u00e1rias no Gargol\u00e2ndia, est\u00fadio onde j\u00e1 gravaram Ivan Lins, Hermeto Pascoal e outros nomes da MPB.<\/p>\n<p>J\u00e1 a 2\u00aa colocada e o 3\u00ba lugar v\u00e3o levar pra casa R$ 10 mil e R$ 8 mil, respectivamente.<\/p>\n<p>As categorias Melhor M\u00fasica Instrumental e Melhor Int\u00e9rprete ser\u00e3o premiadas com R$ 3 mil cada.<\/p>\n<p>Fechando a premia\u00e7\u00e3o, as vencedoras das categorias Melhor M\u00fasica Avareense e Aclama\u00e7\u00e3o Popular v\u00e3o ganhar R$ 1.500 cada uma.<\/p>\n","protected":false},"excerpt":{"rendered":"<p>Seguem abertas at\u00e9 19 de setembro; s\u00e3o mais de R$ 40 mil em premia\u00e7\u00e3o Por: REDA\u00c7\u00c3O | SECOM. O cantor e compositor Chico C\u00e9sar \u00e9 o patrono da 42\u00aa Feira Avareense da M\u00fasica Popular (Fampop), que acontece de 9 a 12 de outubro na Concha Ac\u00fastica. O evento \u00e9 aberto ao p\u00fablico. A edi\u00e7\u00e3o que [&hellip;]<\/p>\n","protected":false},"author":2,"featured_media":32671,"comment_status":"open","ping_status":"open","sticky":false,"template":"","format":"standard","meta":{"footnotes":""},"categories":[58],"tags":[],"_links":{"self":[{"href":"https:\/\/sabuguinho.com.br\/site\/wp-json\/wp\/v2\/posts\/32670"}],"collection":[{"href":"https:\/\/sabuguinho.com.br\/site\/wp-json\/wp\/v2\/posts"}],"about":[{"href":"https:\/\/sabuguinho.com.br\/site\/wp-json\/wp\/v2\/types\/post"}],"author":[{"embeddable":true,"href":"https:\/\/sabuguinho.com.br\/site\/wp-json\/wp\/v2\/users\/2"}],"replies":[{"embeddable":true,"href":"https:\/\/sabuguinho.com.br\/site\/wp-json\/wp\/v2\/comments?post=32670"}],"version-history":[{"count":1,"href":"https:\/\/sabuguinho.com.br\/site\/wp-json\/wp\/v2\/posts\/32670\/revisions"}],"predecessor-version":[{"id":32672,"href":"https:\/\/sabuguinho.com.br\/site\/wp-json\/wp\/v2\/posts\/32670\/revisions\/32672"}],"wp:featuredmedia":[{"embeddable":true,"href":"https:\/\/sabuguinho.com.br\/site\/wp-json\/wp\/v2\/media\/32671"}],"wp:attachment":[{"href":"https:\/\/sabuguinho.com.br\/site\/wp-json\/wp\/v2\/media?parent=32670"}],"wp:term":[{"taxonomy":"category","embeddable":true,"href":"https:\/\/sabuguinho.com.br\/site\/wp-json\/wp\/v2\/categories?post=32670"},{"taxonomy":"post_tag","embeddable":true,"href":"https:\/\/sabuguinho.com.br\/site\/wp-json\/wp\/v2\/tags?post=32670"}],"curies":[{"name":"wp","href":"https:\/\/api.w.org\/{rel}","templated":true}]}}