{"id":32654,"date":"2025-09-11T10:30:27","date_gmt":"2025-09-11T13:30:27","guid":{"rendered":"https:\/\/sabuguinho.com.br\/site\/?p=32654"},"modified":"2025-09-11T10:30:27","modified_gmt":"2025-09-11T13:30:27","slug":"fux-absolve-bolsonaro-e-condena-braga-netto-e-cid-pela-trama-golpista","status":"publish","type":"post","link":"https:\/\/sabuguinho.com.br\/site\/fux-absolve-bolsonaro-e-condena-braga-netto-e-cid-pela-trama-golpista\/","title":{"rendered":"Fux absolve Bolsonaro e condena Braga Netto e Cid pela trama golpista"},"content":{"rendered":"<p>Ministro do STF votou pela absolvi\u00e7\u00e3o de 5 aliados do ex-presidente<\/p>\n<p>Andr\u00e9 Richter &#8211; Rep\u00f3rter da Ag\u00eancia Brasil<\/p>\n<p>O ministro Luiz Fux, do Supremo Tribunal Federal (STF), votou nesta quarta-feira (10) para absolver o ex-presidente Jair Bolsonaro e mais cinco aliados na a\u00e7\u00e3o penal da trama golpista.<br \/>\nAp\u00f3s cerca de 13 horas de voto, o ministro ainda votou pela condena\u00e7\u00e3o de Mauro Cid, ex-ajudante de ordens de Bolsonaro, e o general Braga Netto pelo crime de tentativa de aboli\u00e7\u00e3o violenta do Estado Democr\u00e1tico de Direito.<br \/>\nApesar do entendimento do ministro nas absolvi\u00e7\u00f5es, o placar pela condena\u00e7\u00e3o de Bolsonaro e mais sete r\u00e9us est\u00e1 2 votos a 1. Os votos pela condena\u00e7\u00e3o foram proferidos ontem pelos ministros Alexandre de Moraes e Fl\u00e1vio Dino.<br \/>\nFaltam os votos dos ministros Cristiano Zanin e C\u00e1rmen L\u00facia, que ser\u00e3o proferidos na sess\u00e3o desta quinta-feira (11), a partir das 14h. <\/p>\n<p>Bolsonaro<\/p>\n<p>Fux rejeitou integralmente a acusa\u00e7\u00e3o da Procuradoria-Geral da Rep\u00fablica (PGR) contra o ex-presidente Jair Bolsonaro.<br \/>\nA PGR solicitou a condena\u00e7\u00e3o do ex-presidente pelos crimes de organiza\u00e7\u00e3o criminosa armada, tentativa de aboli\u00e7\u00e3o violenta do Estado Democr\u00e1tico de Direito, golpe de Estado, dano qualificado pela viol\u00eancia e grave amea\u00e7a e deteriora\u00e7\u00e3o de patrim\u00f4nio tombado. A pena poderia chegar a 30 anos de pris\u00e3o.<br \/>\nNo entendimento de Fux, Bolsonaro apenas cogitou medidas de exce\u00e7\u00e3o, e &#8220;n\u00e3o aconteceu nada&#8221;. No entendimento dele, a cogita\u00e7\u00e3o n\u00e3o \u00e9 suficiente para punir o ex-presidente.<br \/>\nSobre as acusa\u00e7\u00f5es de responsabilidade pelos atos golpistas, Fux classificou como &#8220;ila\u00e7\u00f5es&#8221; da PGR a suposta liga\u00e7\u00e3o de Bolsonaro com os golpistas que depredaram a sede do Supremo, o Congresso Nacional e o Pal\u00e1cio do Planalto.<br \/>\n&#8220;Esses elementos jamais podem sustentar a ila\u00e7\u00e3o de que Jair Bolsonaro tinha algum tipo de liga\u00e7\u00e3o com os v\u00e2ndalos que depredaram as sedes dos Tr\u00eas Poderes em 8 de janeiro de 2023&#8221;, declarou. <\/p>\n<p>Mauro Cid<\/p>\n<p>Apesar de tamb\u00e9m estar na condi\u00e7\u00e3o de delator, Fux entendeu que Cid n\u00e3o atuou somente como ajudante de Bolsonaro e trocou mensagens com militares kids-pretos sobre medidas de monitoramento do ministro Alexandre de Moraes.<br \/>\nAl\u00e9m disso, ele participou de uma reuni\u00e3o na casa do general Braga Netto, em 2022, onde, segundo a acusa\u00e7\u00e3o da Procuradoria-Geral da Rep\u00fablica (PGR), teria sido repassado dinheiro para o financiamento de trama golpista.<br \/>\n&#8220;Todos aqueles que queriam convencer o ent\u00e3o presidente da Rep\u00fablica da necessidade de adotar a\u00e7\u00f5es concretas para aboli\u00e7\u00e3o do Estado Democr\u00e1tico de Direito faziam solicita\u00e7\u00f5es e encaminhamentos por meio do colaborador&#8221;, disse o ministro.<br \/>\nAl\u00e9m de r\u00e9u na a\u00e7\u00e3o penal, Cid tamb\u00e9m \u00e9 delator e deve ter a pena reduzida.<br \/>\nPelo voto de Fux, o militar n\u00e3o deve ser condenado por organiza\u00e7\u00e3o criminosa armada, golpe de Estado, dano qualificado pela viol\u00eancia e grave amea\u00e7a e deteriora\u00e7\u00e3o de patrim\u00f4nio tombado<\/p>\n<p>Braga Netto <\/p>\n<p>Fux votou ainda para condena\u00e7\u00e3o do general Braga Netto pelo crime de tentativa de aboli\u00e7\u00e3o violenta do Estado Democr\u00e1tico de Direito. Com o entendimento de Fux, h\u00e1 maioria de tr\u00eas votos pela condena\u00e7\u00e3o do general. Os outros dois votos foram proferidos ontem (9) pelos ministros Alexandre de Moraes e Fl\u00e1vio Dino.<br \/>\n A maioria absolveu o militar dos crimes de organiza\u00e7\u00e3o criminosa armada, golpe de Estado, dano qualificado pela viol\u00eancia e grave amea\u00e7a e deteriora\u00e7\u00e3o de patrim\u00f4nio tombado.<br \/>\nGeneral da reserva e vice na chapa de Bolsonaro em 2022, o militar est\u00e1 preso desde dezembro do ano passado sob a acusa\u00e7\u00e3o de obstruir a investiga\u00e7\u00e3o sobre a tentativa de golpe para impedir a posse do presidente Luiz In\u00e1cio Lula da Silva<\/p>\n<p>Garnier<\/p>\n<p>Fux absolveu o ex-comandante da Marinha Almir Garnier. Conforme a den\u00fancia, o almirante participou de uma reuni\u00e3o em que o ex-presidente apresentou minutas com estudos para decreta\u00e7\u00e3o das medidas de exce\u00e7\u00e3o.<br \/>\nA ideia teria sido recha\u00e7ada pelos comandantes da Aeron\u00e1utica e Ex\u00e9rcito.<br \/>\nNo entendimento de Fux, o militar n\u00e3o praticou atos execut\u00f3rios e que a mera presen\u00e7a em reuni\u00f5es n\u00e3o \u00e9 suficiente para a condena\u00e7\u00e3o.<br \/>\n&#8220;A conduta narrada na den\u00fancia e atribu\u00edda ao r\u00e9u Almir Garnier est\u00e1 muito longe de corresponder a de um membro de associa\u00e7\u00e3o criminosa&#8221;, afirmou.<\/p>\n<p>General Heleno<\/p>\n<p>O ministro tamb\u00e9m se pronunciou pela absolvi\u00e7\u00e3o do general do Augusto Heleno, ex-ministro do Gabinete de Seguran\u00e7a Institucional (GSI) do governo de Jair Bolsonaro.<br \/>\nNo voto favor\u00e1vel ao general, Fux disse que n\u00e3o \u00e9 poss\u00edvel &#8220;punir rascunhos privados&#8221;.<br \/>\nDurante busca e apreens\u00e3o autorizada pelo STF, a Pol\u00edcia Federal apreendeu uma agenda de Heleno com anota\u00e7\u00f5es contra o sistema eleitoral e cita\u00e7\u00f5es sobre a\u00e7\u00f5es da Abin.<\/p>\n<p>Paulo Sergio Nogueira<\/p>\n<p>O ex-ministro da Defesa Paulo Sergio Nogueira tamb\u00e9m foi absolvido por Fux.<br \/>\nNo entendimento de Fux, n\u00e3o h\u00e1 provas de que o ex-ministro tenha participado de uma organiza\u00e7\u00e3o criminosa.<\/p>\n<p>Anderson Torres<\/p>\n<p>O ex-ministro da Justi\u00e7a Anderson Torres tamb\u00e9m entrou na lista de absolvi\u00e7\u00f5es de Fux. Para o ministro, Torres n\u00e3o tinha proximidade com militares e n\u00e3o h\u00e1 provas de que ele teria aderido \u00e0 tentativa de golpe.<\/p>\n<p>Alexandre Ramagem<\/p>\n<p>\u00daltimo r\u00e9u que teve a condena\u00e7\u00e3o analisada por Fux, tamb\u00e9m foi absolvido. No entendimento do ministro, Alexandre Ramagem, ex-diretor da Ag\u00eancia Brasileira de Intelig\u00eancia (Abin), n\u00e3o deve ser condenado pelos crimes de golpe de Estado, organiza\u00e7\u00e3o criminosa armada e tentativa de aboli\u00e7\u00e3o do Estado Democr\u00e1tico de Direito.<br \/>\nAtualmente, Ramagem \u00e9 deputado federal. Por estar na fun\u00e7\u00e3o, ele foi beneficiado com a suspens\u00e3o de parte das acusa\u00e7\u00f5es e responde somente a tr\u00eas dos cinco crimes imputados pela PGR.<br \/>\nA suspens\u00e3o vale para os crimes de dano qualificado pela viol\u00eancia e grave amea\u00e7a, contra o patrim\u00f4nio da Uni\u00e3o, e com consider\u00e1vel preju\u00edzo para a v\u00edtima e deteriora\u00e7\u00e3o de patrim\u00f4nio tombado, relacionados aos atos golpistas de 8 de janeiro. <\/p>\n","protected":false},"excerpt":{"rendered":"<p>Ministro do STF votou pela absolvi\u00e7\u00e3o de 5 aliados do ex-presidente Andr\u00e9 Richter &#8211; Rep\u00f3rter da Ag\u00eancia Brasil O ministro Luiz Fux, do Supremo Tribunal Federal (STF), votou nesta quarta-feira (10) para absolver o ex-presidente Jair Bolsonaro e mais cinco aliados na a\u00e7\u00e3o penal da trama golpista. Ap\u00f3s cerca de 13 horas de voto, o [&hellip;]<\/p>\n","protected":false},"author":2,"featured_media":32600,"comment_status":"open","ping_status":"open","sticky":false,"template":"","format":"standard","meta":{"footnotes":""},"categories":[1],"tags":[],"_links":{"self":[{"href":"https:\/\/sabuguinho.com.br\/site\/wp-json\/wp\/v2\/posts\/32654"}],"collection":[{"href":"https:\/\/sabuguinho.com.br\/site\/wp-json\/wp\/v2\/posts"}],"about":[{"href":"https:\/\/sabuguinho.com.br\/site\/wp-json\/wp\/v2\/types\/post"}],"author":[{"embeddable":true,"href":"https:\/\/sabuguinho.com.br\/site\/wp-json\/wp\/v2\/users\/2"}],"replies":[{"embeddable":true,"href":"https:\/\/sabuguinho.com.br\/site\/wp-json\/wp\/v2\/comments?post=32654"}],"version-history":[{"count":1,"href":"https:\/\/sabuguinho.com.br\/site\/wp-json\/wp\/v2\/posts\/32654\/revisions"}],"predecessor-version":[{"id":32657,"href":"https:\/\/sabuguinho.com.br\/site\/wp-json\/wp\/v2\/posts\/32654\/revisions\/32657"}],"wp:featuredmedia":[{"embeddable":true,"href":"https:\/\/sabuguinho.com.br\/site\/wp-json\/wp\/v2\/media\/32600"}],"wp:attachment":[{"href":"https:\/\/sabuguinho.com.br\/site\/wp-json\/wp\/v2\/media?parent=32654"}],"wp:term":[{"taxonomy":"category","embeddable":true,"href":"https:\/\/sabuguinho.com.br\/site\/wp-json\/wp\/v2\/categories?post=32654"},{"taxonomy":"post_tag","embeddable":true,"href":"https:\/\/sabuguinho.com.br\/site\/wp-json\/wp\/v2\/tags?post=32654"}],"curies":[{"name":"wp","href":"https:\/\/api.w.org\/{rel}","templated":true}]}}