{"id":32539,"date":"2025-09-09T19:07:38","date_gmt":"2025-09-09T22:07:38","guid":{"rendered":"https:\/\/sabuguinho.com.br\/site\/?p=32539"},"modified":"2025-09-09T19:07:38","modified_gmt":"2025-09-09T22:07:38","slug":"dino-vota-pela-condenacao-de-bolsonaro-e-mais-sete-placar-esta-2-a-0","status":"publish","type":"post","link":"https:\/\/sabuguinho.com.br\/site\/dino-vota-pela-condenacao-de-bolsonaro-e-mais-sete-placar-esta-2-a-0\/","title":{"rendered":"Dino vota pela condena\u00e7\u00e3o de Bolsonaro e mais sete; placar est\u00e1 2 a 0"},"content":{"rendered":"<p>Ministro vai propor penas maiores para ex-presidente e Braga Netto<\/p>\n<p>Andr\u00e9 Richter &#8211; Rep\u00f3rter da Ag\u00eancia Brasil<\/p>\n<p>O ministro Fl\u00e1vio Dino, do Supremo Tribunal Federal (STF), votou nesta ter\u00e7a-feira (9) pela condena\u00e7\u00e3o do ex-presidente Jair Bolsonaro e de mais sete aliados por tentativa de golpe de Estado.<br \/>\nCom o voto do ministro, o placar pela condena\u00e7\u00e3o est\u00e1 2 votos a 0. O relator do processo, ministro Alexandre de Moraes, tamb\u00e9m votou pela condena\u00e7\u00e3o. Faltam tr\u00eas votos.<br \/>\nO tempo de pena ainda n\u00e3o foi anunciado e deve ser definido somente ao final da rodada de vota\u00e7\u00e3o sobre a condena\u00e7\u00e3o ou absolvi\u00e7\u00e3o dos r\u00e9us. Em caso de condena\u00e7\u00e3o, as penas podem chegar a 30 anos de pris\u00e3o em regime fechado.<br \/>\nA sess\u00e3o foi suspensa e ser\u00e1 retomada amanh\u00e3 (10) para o voto dos ministros Luiz Fux, C\u00e1rmen L\u00facia e Cristiano Zanin.<br \/>\nDino aceitou totalmente a den\u00fancia da trama golpista apresentada pela Procuradoria-Geral da Rep\u00fablica (PGR) e condenou os acusados pelos crimes de organiza\u00e7\u00e3o criminosa armada, tentativa de aboli\u00e7\u00e3o violenta do Estado Democr\u00e1tico de Direito, golpe de Estado, dano qualificado pela viol\u00eancia e grave amea\u00e7a e deteriora\u00e7\u00e3o de patrim\u00f4nio tombado.<br \/>\nNo caso do ex-diretor da Abin Alexandre Ramagem, que, atualmente, \u00e9 deputado federal, a condena\u00e7\u00e3o se deu somente por tr\u00eas dos cinco crimes.<br \/>\nPor ser parlamentar, Ramagem n\u00e3o responde pelos crimes de dano qualificado pela viol\u00eancia e grave amea\u00e7a, contra o patrim\u00f4nio da Uni\u00e3o, e com consider\u00e1vel preju\u00edzo para a v\u00edtima e deteriora\u00e7\u00e3o de patrim\u00f4nio tombado, ambos relacionados aos atos golpistas de 8 de janeiro. <\/p>\n<p>>> Siga o canal da Ag\u00eancia Brasil no WhatsApp<\/p>\n<p>Voto <\/p>\n<p>Em sua manifesta\u00e7\u00e3o, Dino detalhou a participa\u00e7\u00e3o de todos os acusados e se manifestou pela condena\u00e7\u00e3o de todos. Para o ministro, houve atos execut\u00f3rios para realiza\u00e7\u00e3o da tentativa golpista.<br \/>\n&#8220;N\u00e3o se cuidou de mera cogita\u00e7\u00e3o. N\u00e3o se cuidou de meras reflex\u00f5es, que foram indevidamente postas em agendas, cadernos e folhas&#8221;, afirmou. <\/p>\n<p>Penas maiores<\/p>\n<p>Dino tamb\u00e9m adiantou que vai propor penas maiores para o ex-presidente Jair Bolsonaro e o general Braga Netto. O ministro entendeu que eles tiveram a participa\u00e7\u00e3o de lideran\u00e7a e poder\u00e3o ter tempo de pena maior.<br \/>\nNo entanto, o ministro disse que vai votar pela ado\u00e7\u00e3o de penas menores para o ex-diretor da Abin Alexandre Ramagem e os generais Augusto Heleno e Paulo S\u00e9rgio.<br \/>\n\u201cEu considero que h\u00e1 uma participa\u00e7\u00e3o de menor import\u00e2ncia em rela\u00e7\u00e3o a cada um deles&#8221;, afirmou.<\/p>\n<p>Bolsonaro<\/p>\n<p>Sobre a atua\u00e7\u00e3o do ex-presidente, Dino disse que o ex-presidente era uma &#8220;figura dominante&#8221; na organiza\u00e7\u00e3o criminosa.<br \/>\n&#8220;Ele e o r\u00e9u Braga Netto ocupam essa fun\u00e7\u00e3o. Era quem de fato mantinha o dom\u00ednio de todos os eventos que est\u00e3o narrados nos autos, e as amea\u00e7as contra os ministros Barroso, Fux, Fachin e Alexandre&#8221;, afirmou. <\/p>\n<p>Anistia<\/p>\n<p>Fl\u00e1vio Dino tamb\u00e9m considerou que os crimes imputados ao ex-presidente Jair Bolsonaro e mais r\u00e9us na trama golpista n\u00e3o podem ser anistiados. O ministro citou precedentes do Supremo sobre a quest\u00e3o.<br \/>\n&#8220;Esses crimes j\u00e1 foram declarados pelo Supremo Tribunal Federal como insuscet\u00edveis de indulto e anistia&#8221;, afirmou.<\/p>\n<p>Amea\u00e7as dos EUA<\/p>\n<p>O ministro tamb\u00e9m acrescentou que &#8220;agress\u00f5es e amea\u00e7as de governos estrangeiros&#8221; n\u00e3o influenciam no julgamento e s\u00e3o &#8220;fatores extra-autos&#8221;.<br \/>\n&#8220;N\u00e3o h\u00e1 no voto que vou proferir nenhum tipo de recado, mensagem, nada desse tipo. H\u00e1 o exame estrito daquilo que est\u00e1 nos autos&#8221;, disse. <\/p>\n<p>For\u00e7as Armadas<\/p>\n<p>Dino tamb\u00e9m frisou que a Corte n\u00e3o est\u00e1 julgando as For\u00e7as Armadas, mas as acusa\u00e7\u00f5es espec\u00edficas contra os militares que s\u00e3o r\u00e9us.<br \/>\n&#8220;Espero que nenhum militar v\u00e1 para convescotes partid\u00e1rios, utilizando a farda para tecer considera\u00e7\u00f5es desairosas a tal e qual posi\u00e7\u00e3o pol\u00edtica&#8221;. <\/p>\n<p>Normalidade<\/p>\n<p>Dino tamb\u00e9m destacou que a an\u00e1lise da a\u00e7\u00e3o penal da trama golpista \u00e9 um &#8220;julgamento com outro qualquer&#8221;  e negou motiva\u00e7\u00e3o pol\u00edtica.<br \/>\n&#8220;\u00c9 um julgamento que se processa segundo as regras vigentes no pa\u00eds, de acordo com o devido processo legal, fatos e provas nos autos e em termos ison\u00f4micos&#8221;, completou. <\/p>\n<p>Quem s\u00e3o os r\u00e9us?<\/p>\n<p>Jair Bolsonaro \u2013 ex-presidente da Rep\u00fablica;<br \/>\nAlexandre Ramagem &#8211; ex-diretor da Ag\u00eancia Brasileira de Intelig\u00eancia (Abin);<br \/>\nAlmir Garnier &#8211; ex-comandante da Marinha;<br \/>\nAnderson Torres &#8211; ex-ministro da Justi\u00e7a e ex-secret\u00e1rio de Seguran\u00e7a do Distrito Federal;<br \/>\nAugusto Heleno &#8211; ex-ministro do Gabinete de Seguran\u00e7a Institucional (GSI);<br \/>\nPaulo S\u00e9rgio Nogueira &#8211; ex-ministro da Defesa;<br \/>\nWalter Braga Netto &#8211; ex-ministro de Bolsonaro e candidato a vice na chapa de 2022;<br \/>\nMauro Cid \u2013 ex-ajudante de ordens de Bolsonaro.<br \/>\nRelacionadas<br \/>\nDino diz que crimes da trama golpista n\u00e3o podem ser anistiados<\/p>\n","protected":false},"excerpt":{"rendered":"<p>Ministro vai propor penas maiores para ex-presidente e Braga Netto Andr\u00e9 Richter &#8211; Rep\u00f3rter da Ag\u00eancia Brasil O ministro Fl\u00e1vio Dino, do Supremo Tribunal Federal (STF), votou nesta ter\u00e7a-feira (9) pela condena\u00e7\u00e3o do ex-presidente Jair Bolsonaro e de mais sete aliados por tentativa de golpe de Estado. Com o voto do ministro, o placar pela [&hellip;]<\/p>\n","protected":false},"author":2,"featured_media":32540,"comment_status":"open","ping_status":"open","sticky":false,"template":"","format":"standard","meta":{"footnotes":""},"categories":[132],"tags":[],"_links":{"self":[{"href":"https:\/\/sabuguinho.com.br\/site\/wp-json\/wp\/v2\/posts\/32539"}],"collection":[{"href":"https:\/\/sabuguinho.com.br\/site\/wp-json\/wp\/v2\/posts"}],"about":[{"href":"https:\/\/sabuguinho.com.br\/site\/wp-json\/wp\/v2\/types\/post"}],"author":[{"embeddable":true,"href":"https:\/\/sabuguinho.com.br\/site\/wp-json\/wp\/v2\/users\/2"}],"replies":[{"embeddable":true,"href":"https:\/\/sabuguinho.com.br\/site\/wp-json\/wp\/v2\/comments?post=32539"}],"version-history":[{"count":1,"href":"https:\/\/sabuguinho.com.br\/site\/wp-json\/wp\/v2\/posts\/32539\/revisions"}],"predecessor-version":[{"id":32541,"href":"https:\/\/sabuguinho.com.br\/site\/wp-json\/wp\/v2\/posts\/32539\/revisions\/32541"}],"wp:featuredmedia":[{"embeddable":true,"href":"https:\/\/sabuguinho.com.br\/site\/wp-json\/wp\/v2\/media\/32540"}],"wp:attachment":[{"href":"https:\/\/sabuguinho.com.br\/site\/wp-json\/wp\/v2\/media?parent=32539"}],"wp:term":[{"taxonomy":"category","embeddable":true,"href":"https:\/\/sabuguinho.com.br\/site\/wp-json\/wp\/v2\/categories?post=32539"},{"taxonomy":"post_tag","embeddable":true,"href":"https:\/\/sabuguinho.com.br\/site\/wp-json\/wp\/v2\/tags?post=32539"}],"curies":[{"name":"wp","href":"https:\/\/api.w.org\/{rel}","templated":true}]}}