{"id":32527,"date":"2025-09-09T17:07:13","date_gmt":"2025-09-09T20:07:13","guid":{"rendered":"https:\/\/sabuguinho.com.br\/site\/?p=32527"},"modified":"2025-09-09T17:07:13","modified_gmt":"2025-09-09T20:07:13","slug":"congresso-se-ilumina-de-amarelo-pela-prevencao-ao-suicidio","status":"publish","type":"post","link":"https:\/\/sabuguinho.com.br\/site\/congresso-se-ilumina-de-amarelo-pela-prevencao-ao-suicidio\/","title":{"rendered":"Congresso se ilumina de amarelo pela preven\u00e7\u00e3o ao suic\u00eddio"},"content":{"rendered":"<p>Assessoria de Imprensa &#8211; Diretoria-Executiva de Comunica\u00e7\u00e3o e M\u00eddias Digitais (Direx)<\/p>\n<p>O Congresso Nacional ser\u00e1 iluminado de amarelo at\u00e9 sexta-feira (12\/9) em refer\u00eancia ao Dia Mundial de Preven\u00e7\u00e3o ao Suic\u00eddio, fixado em 10 de setembro. A a\u00e7\u00e3o faz parte do Setembro Amarelo, campanha anual de preven\u00e7\u00e3o ao suic\u00eddio, que em 2025 apresenta o slogan \u201cSe precisar, pe\u00e7a ajuda!&#8221;.<br \/>\nO suic\u00eddio \u00e9 um problema de sa\u00fade p\u00fablica, com impactos sociais importantes. Em 2019, a Organiza\u00e7\u00e3o Mundial da Sa\u00fade (OMS) registrou mais de 700 mil casos no mundo, mas o n\u00famero pode ser ainda maior, j\u00e1 que muitos casos n\u00e3o s\u00e3o registrados. Praticamente 100% dos casos de suic\u00eddio est\u00e3o relacionados a doen\u00e7as mentais, principalmente as n\u00e3o diagnosticadas ou tratadas incorretamente.<\/p>\n<p>Jovens<\/p>\n<p>Um estudo recente indica que as taxas de suic\u00eddio e autoles\u00e3o cresceram muito entre os jovens brasileiros nos \u00faltimos anos. Entre 2011 e 2022, a taxa de suic\u00eddio de pessoas entre 10 e 24 anos aumentou 6% ao ano. No mesmo per\u00edodo, as notifica\u00e7\u00f5es de autoles\u00f5es nessa faixa et\u00e1ria tiveram um crescimento anual de 29%.Os n\u00fameros s\u00e3o mais altos do que os registrados na popula\u00e7\u00e3o em geral: a taxa de suic\u00eddio total cresceu 3,7% ao ano, e as autoles\u00f5es, 21%.<br \/>\nPublicada na revista cient\u00edfica &#8220;The Lancet Regional Health \u2013 Americas&#8221;, a pesquisa analisou dados do Minist\u00e9rio da Sa\u00fade e foi realizada pelo Centro de Integra\u00e7\u00e3o de Dados e Conhecimentos para Sa\u00fade (Cidacs\/Fiocruz Bahia), em parceria com pesquisadores da Universidade de Harvard, nos EUA.<\/p>\n<p>Ajuda<\/p>\n<p>Segundo a Associa\u00e7\u00e3o Brasileira de Psiquiatria (ABP) e o Conselho Federal de Medicina (CFM), que organizam a campanha, \u00e9 importante identificar se uma pessoa est\u00e1 pensando em se matar para oferecer ajuda, n\u00e3o s\u00f3 promovendo uma escuta ativa, emp\u00e1tica e sem julgamentos; mas encaminhando-a a um servi\u00e7o m\u00e9dico especializado.<br \/>\nNo Sistema \u00danico de Sa\u00fade (SUS), a Rede de Aten\u00e7\u00e3o Psicossocial \u00e9 constitu\u00edda por pontos de atendimento de pessoas em sofrimento ps\u00edquico e com necessidades decorrentes do uso de \u00e1lcool e outras drogas. S\u00e3o 2.947 Centros de Aten\u00e7\u00e3o Psicossocial, distribu\u00eddos em 1.973 munic\u00edpios, al\u00e9m de 890 Servi\u00e7os Residenciais Terap\u00eauticos, 80 Unidades de Acolhimento e mais de dois mil leitos de sa\u00fade mental em hospitais de todo o Brasil. <\/p>\n","protected":false},"excerpt":{"rendered":"<p>Assessoria de Imprensa &#8211; Diretoria-Executiva de Comunica\u00e7\u00e3o e M\u00eddias Digitais (Direx) O Congresso Nacional ser\u00e1 iluminado de amarelo at\u00e9 sexta-feira (12\/9) em refer\u00eancia ao Dia Mundial de Preven\u00e7\u00e3o ao Suic\u00eddio, fixado em 10 de setembro. A a\u00e7\u00e3o faz parte do Setembro Amarelo, campanha anual de preven\u00e7\u00e3o ao suic\u00eddio, que em 2025 apresenta o slogan \u201cSe [&hellip;]<\/p>\n","protected":false},"author":2,"featured_media":32529,"comment_status":"open","ping_status":"open","sticky":false,"template":"","format":"standard","meta":{"footnotes":""},"categories":[1],"tags":[],"_links":{"self":[{"href":"https:\/\/sabuguinho.com.br\/site\/wp-json\/wp\/v2\/posts\/32527"}],"collection":[{"href":"https:\/\/sabuguinho.com.br\/site\/wp-json\/wp\/v2\/posts"}],"about":[{"href":"https:\/\/sabuguinho.com.br\/site\/wp-json\/wp\/v2\/types\/post"}],"author":[{"embeddable":true,"href":"https:\/\/sabuguinho.com.br\/site\/wp-json\/wp\/v2\/users\/2"}],"replies":[{"embeddable":true,"href":"https:\/\/sabuguinho.com.br\/site\/wp-json\/wp\/v2\/comments?post=32527"}],"version-history":[{"count":1,"href":"https:\/\/sabuguinho.com.br\/site\/wp-json\/wp\/v2\/posts\/32527\/revisions"}],"predecessor-version":[{"id":32530,"href":"https:\/\/sabuguinho.com.br\/site\/wp-json\/wp\/v2\/posts\/32527\/revisions\/32530"}],"wp:featuredmedia":[{"embeddable":true,"href":"https:\/\/sabuguinho.com.br\/site\/wp-json\/wp\/v2\/media\/32529"}],"wp:attachment":[{"href":"https:\/\/sabuguinho.com.br\/site\/wp-json\/wp\/v2\/media?parent=32527"}],"wp:term":[{"taxonomy":"category","embeddable":true,"href":"https:\/\/sabuguinho.com.br\/site\/wp-json\/wp\/v2\/categories?post=32527"},{"taxonomy":"post_tag","embeddable":true,"href":"https:\/\/sabuguinho.com.br\/site\/wp-json\/wp\/v2\/tags?post=32527"}],"curies":[{"name":"wp","href":"https:\/\/api.w.org\/{rel}","templated":true}]}}