{"id":32519,"date":"2025-09-09T16:39:42","date_gmt":"2025-09-09T19:39:42","guid":{"rendered":"https:\/\/sabuguinho.com.br\/site\/?p=32519"},"modified":"2025-09-09T16:45:23","modified_gmt":"2025-09-09T19:45:23","slug":"evento-ato-civico-e-tradicional-desfile-celebram-aniversario-de-avare-no-dia-15","status":"publish","type":"post","link":"https:\/\/sabuguinho.com.br\/site\/evento-ato-civico-e-tradicional-desfile-celebram-aniversario-de-avare-no-dia-15\/","title":{"rendered":"EVENTO &#8211;  Ato c\u00edvico e tradicional desfile celebram anivers\u00e1rio de Avar\u00e9 no dia  15"},"content":{"rendered":"<p>Programa\u00e7\u00e3o tem in\u00edcio \u00e0s 8 horas no Pa\u00e7o Municipal; tradicional desfile tem in\u00edcio na sequ\u00eancia_ <\/p>\n<p>O 164\u00ba anivers\u00e1rio de Avar\u00e9 ser\u00e1 comemorado com Ato C\u00edvico e o tradicional Desfile C\u00edvico que acontecem no feriado municipal de segunda-feira, 15 de setembro.<br \/>\nO Ato C\u00edvico tem in\u00edcio \u00e0s 8 horas em frente ao Pa\u00e7o Municipal. A solenidade vai contar com a presen\u00e7a do prefeito Roberto Araujo e de outras autoridades.<br \/>\nJ\u00e1 o Desfile C\u00edvico come\u00e7a \u00e0s 8h30, com concentra\u00e7\u00e3o na Concha Ac\u00fastica.<br \/>\nA Prefeitura de Avar\u00e9 comunica que os cruzamentos das ruas Bahia, Domiciano Santana, S\u00e3o Paulo, Santa Catarina e Alagoas com a Rua Pernambuco estar\u00e3o interditadas durante o percurso.<br \/>\nTrinta e cinco entidades v\u00e3o participar da edi\u00e7\u00e3o, incluindo escolas municipais e estaduais, entidades socioassistenciais, Pol\u00edcia Civil e Militar, institui\u00e7\u00f5es de ensino superior, fanfarras, orquestras e organiza\u00e7\u00f5es da sociedade civil.<br \/>\nOs participantes v\u00e3o percorrer as ruas Pernambuco e Alagoas, passando em frente ao palanque instalado no Largo S\u00e3o Jo\u00e3o, onde o evento da Secretaria Municipal da Educa\u00e7\u00e3o ser\u00e1 finalizado.<\/p>\n<p><img loading=\"lazy\" decoding=\"async\" src=\"https:\/\/sabuguinho.com.br\/site\/wp-content\/uploads\/2025\/09\/IMG-20250909-WA0049-150x113.jpg\" alt=\"\" width=\"150\" height=\"113\" class=\"alignnone size-medium wp-image-32520\" srcset=\"https:\/\/sabuguinho.com.br\/site\/wp-content\/uploads\/2025\/09\/IMG-20250909-WA0049-150x113.jpg 150w, https:\/\/sabuguinho.com.br\/site\/wp-content\/uploads\/2025\/09\/IMG-20250909-WA0049-512x384.jpg 512w, https:\/\/sabuguinho.com.br\/site\/wp-content\/uploads\/2025\/09\/IMG-20250909-WA0049-768x576.jpg 768w, https:\/\/sabuguinho.com.br\/site\/wp-content\/uploads\/2025\/09\/IMG-20250909-WA0049-1536x1152.jpg 1536w, https:\/\/sabuguinho.com.br\/site\/wp-content\/uploads\/2025\/09\/IMG-20250909-WA0049-750x563.jpg 750w, https:\/\/sabuguinho.com.br\/site\/wp-content\/uploads\/2025\/09\/IMG-20250909-WA0049-1140x855.jpg 1140w, https:\/\/sabuguinho.com.br\/site\/wp-content\/uploads\/2025\/09\/IMG-20250909-WA0049.jpg 1600w\" sizes=\"(max-width: 150px) 100vw, 150px\" \/><\/p>\n<p><img loading=\"lazy\" decoding=\"async\" src=\"https:\/\/sabuguinho.com.br\/site\/wp-content\/uploads\/2025\/09\/IMG-20250909-WA0048-150x113.jpg\" alt=\"\" width=\"150\" height=\"113\" class=\"alignnone size-medium wp-image-32521\" srcset=\"https:\/\/sabuguinho.com.br\/site\/wp-content\/uploads\/2025\/09\/IMG-20250909-WA0048-150x113.jpg 150w, https:\/\/sabuguinho.com.br\/site\/wp-content\/uploads\/2025\/09\/IMG-20250909-WA0048-512x384.jpg 512w, https:\/\/sabuguinho.com.br\/site\/wp-content\/uploads\/2025\/09\/IMG-20250909-WA0048-768x576.jpg 768w, https:\/\/sabuguinho.com.br\/site\/wp-content\/uploads\/2025\/09\/IMG-20250909-WA0048-750x563.jpg 750w, https:\/\/sabuguinho.com.br\/site\/wp-content\/uploads\/2025\/09\/IMG-20250909-WA0048-1140x855.jpg 1140w, https:\/\/sabuguinho.com.br\/site\/wp-content\/uploads\/2025\/09\/IMG-20250909-WA0048.jpg 1500w\" sizes=\"(max-width: 150px) 100vw, 150px\" \/><\/p>\n","protected":false},"excerpt":{"rendered":"<p>Programa\u00e7\u00e3o tem in\u00edcio \u00e0s 8 horas no Pa\u00e7o Municipal; tradicional desfile tem in\u00edcio na sequ\u00eancia_ O 164\u00ba anivers\u00e1rio de Avar\u00e9 ser\u00e1 comemorado com Ato C\u00edvico e o tradicional Desfile C\u00edvico que acontecem no feriado municipal de segunda-feira, 15 de setembro. O Ato C\u00edvico tem in\u00edcio \u00e0s 8 horas em frente ao Pa\u00e7o Municipal. A solenidade [&hellip;]<\/p>\n","protected":false},"author":2,"featured_media":32522,"comment_status":"open","ping_status":"open","sticky":false,"template":"","format":"standard","meta":{"footnotes":""},"categories":[58],"tags":[],"_links":{"self":[{"href":"https:\/\/sabuguinho.com.br\/site\/wp-json\/wp\/v2\/posts\/32519"}],"collection":[{"href":"https:\/\/sabuguinho.com.br\/site\/wp-json\/wp\/v2\/posts"}],"about":[{"href":"https:\/\/sabuguinho.com.br\/site\/wp-json\/wp\/v2\/types\/post"}],"author":[{"embeddable":true,"href":"https:\/\/sabuguinho.com.br\/site\/wp-json\/wp\/v2\/users\/2"}],"replies":[{"embeddable":true,"href":"https:\/\/sabuguinho.com.br\/site\/wp-json\/wp\/v2\/comments?post=32519"}],"version-history":[{"count":1,"href":"https:\/\/sabuguinho.com.br\/site\/wp-json\/wp\/v2\/posts\/32519\/revisions"}],"predecessor-version":[{"id":32523,"href":"https:\/\/sabuguinho.com.br\/site\/wp-json\/wp\/v2\/posts\/32519\/revisions\/32523"}],"wp:featuredmedia":[{"embeddable":true,"href":"https:\/\/sabuguinho.com.br\/site\/wp-json\/wp\/v2\/media\/32522"}],"wp:attachment":[{"href":"https:\/\/sabuguinho.com.br\/site\/wp-json\/wp\/v2\/media?parent=32519"}],"wp:term":[{"taxonomy":"category","embeddable":true,"href":"https:\/\/sabuguinho.com.br\/site\/wp-json\/wp\/v2\/categories?post=32519"},{"taxonomy":"post_tag","embeddable":true,"href":"https:\/\/sabuguinho.com.br\/site\/wp-json\/wp\/v2\/tags?post=32519"}],"curies":[{"name":"wp","href":"https:\/\/api.w.org\/{rel}","templated":true}]}}