{"id":32502,"date":"2025-09-09T11:16:53","date_gmt":"2025-09-09T14:16:53","guid":{"rendered":"https:\/\/sabuguinho.com.br\/site\/?p=32502"},"modified":"2025-09-09T11:16:53","modified_gmt":"2025-09-09T14:16:53","slug":"rotarys-clubs-de-avare-promovem-o-1o-encontro-de-valorizacao-da-vida","status":"publish","type":"post","link":"https:\/\/sabuguinho.com.br\/site\/rotarys-clubs-de-avare-promovem-o-1o-encontro-de-valorizacao-da-vida\/","title":{"rendered":"Rotarys Clubs de Avar\u00e9 promovem o 1\u00ba Encontro de Valoriza\u00e7\u00e3o da Vida"},"content":{"rendered":"<p>Numa jun\u00e7\u00e3o de tr\u00eas clubes locais: Rotary Club de Avar\u00e9, Rotary Club de Avar\u00e9 Expoente e Rotary Club de Avar\u00e9 Jurumirim, acontece nesta quarta-feira, 10 de setembro, o 1\u00ba Encontro de Valoriza\u00e7\u00e3o da Vida, com o prop\u00f3sito de fortalecer a conscientiza\u00e7\u00e3o sobre a import\u00e2ncia do cuidado com a vida, do apoio m\u00fatuo e da constru\u00e7\u00e3o de uma sociedade mais humana e solid\u00e1ria.<br \/>\nO encontro coincide com a data em que se celebra o Dia Mundial de Preven\u00e7\u00e3o ao Suic\u00eddio, 10 de setembro, criado para aumentar a conscientiza\u00e7\u00e3o sobre o suic\u00eddio e a import\u00e2ncia da preven\u00e7\u00e3o e do apoio \u00e0 sa\u00fade mental, associada \u00e0 campanha Setembro Amarelo no Brasil.<br \/>\nDentro da programa\u00e7\u00e3o do encontro est\u00e1 a apresenta\u00e7\u00e3o do Coral \u201cMulheres de F\u00e9\u201d, a partir das 19h30, grupo que mant\u00e9m a miss\u00e3o de evangelizar e transmitir esperan\u00e7a atrav\u00e9s da m\u00fasica.<br \/>\nNa continuidade, o 1\u00ba Encontro de Valoriza\u00e7\u00e3o da Vida ter\u00e1 uma sequ\u00eancia de palestras, inicialmente com o m\u00e9dico psiquiatra Nelson Ribeiro dos Santos, a partir das 19h50, que explanar\u00e1 sobre o tema \u201cFalar \u00e9 Preciso: Preven\u00e7\u00e3o do Suic\u00eddio em um Mundo Adoecido.<br \/>\nEm seguida ser\u00e1 a vez da palestrante Silv\u00e2nia Celis Machado Giandoni, Assistente Social, respons\u00e1vel pela montagem em Botucatu da Rede de Prote\u00e7\u00e3o \u00e0 Vida, que falar\u00e1 sobre as a\u00e7\u00f5es e conquistas da rede, a partir das 20h30.<br \/>\nAo t\u00e9rmino das palestras, com in\u00edcio \u00e0s 21 horas, haver\u00e1 uma Mesa Redonda com os convidados: Josana Carlos (psic\u00f3loga), Sandra Oliveira (\u00e1rea cl\u00ednica do CAPS), Luiz Godoy (ex-coordenador do CVV) e Marcelo Ornellas (advogado e vice-presidente da Associa\u00e7\u00e3o O Bom Samaritano).<br \/>\nAs inscri\u00e7\u00f5es para o 1\u00ba Encontro de Valoriza\u00e7\u00e3o da Vida podem ser feitas antecipadamente pelo link https:\/\/forms.gle\/ZG2GDzUxnxYEpo4A7<\/p>\n<p>legenda: Evento ocorre nesta quarta-feira, 10 de setembro, no Campus Avar\u00e9 do Instituto Federal; inscri\u00e7\u00f5es gratuitas e antecipadas pela internet<\/p>\n<p>Fonte da Foto: Reprodu\u00e7\u00e3o cartaz do evento<\/p>\n","protected":false},"excerpt":{"rendered":"<p>Numa jun\u00e7\u00e3o de tr\u00eas clubes locais: Rotary Club de Avar\u00e9, Rotary Club de Avar\u00e9 Expoente e Rotary Club de Avar\u00e9 Jurumirim, acontece nesta quarta-feira, 10 de setembro, o 1\u00ba Encontro de Valoriza\u00e7\u00e3o da Vida, com o prop\u00f3sito de fortalecer a conscientiza\u00e7\u00e3o sobre a import\u00e2ncia do cuidado com a vida, do apoio m\u00fatuo e da constru\u00e7\u00e3o [&hellip;]<\/p>\n","protected":false},"author":2,"featured_media":32504,"comment_status":"open","ping_status":"open","sticky":false,"template":"","format":"standard","meta":{"footnotes":""},"categories":[56],"tags":[],"_links":{"self":[{"href":"https:\/\/sabuguinho.com.br\/site\/wp-json\/wp\/v2\/posts\/32502"}],"collection":[{"href":"https:\/\/sabuguinho.com.br\/site\/wp-json\/wp\/v2\/posts"}],"about":[{"href":"https:\/\/sabuguinho.com.br\/site\/wp-json\/wp\/v2\/types\/post"}],"author":[{"embeddable":true,"href":"https:\/\/sabuguinho.com.br\/site\/wp-json\/wp\/v2\/users\/2"}],"replies":[{"embeddable":true,"href":"https:\/\/sabuguinho.com.br\/site\/wp-json\/wp\/v2\/comments?post=32502"}],"version-history":[{"count":1,"href":"https:\/\/sabuguinho.com.br\/site\/wp-json\/wp\/v2\/posts\/32502\/revisions"}],"predecessor-version":[{"id":32505,"href":"https:\/\/sabuguinho.com.br\/site\/wp-json\/wp\/v2\/posts\/32502\/revisions\/32505"}],"wp:featuredmedia":[{"embeddable":true,"href":"https:\/\/sabuguinho.com.br\/site\/wp-json\/wp\/v2\/media\/32504"}],"wp:attachment":[{"href":"https:\/\/sabuguinho.com.br\/site\/wp-json\/wp\/v2\/media?parent=32502"}],"wp:term":[{"taxonomy":"category","embeddable":true,"href":"https:\/\/sabuguinho.com.br\/site\/wp-json\/wp\/v2\/categories?post=32502"},{"taxonomy":"post_tag","embeddable":true,"href":"https:\/\/sabuguinho.com.br\/site\/wp-json\/wp\/v2\/tags?post=32502"}],"curies":[{"name":"wp","href":"https:\/\/api.w.org\/{rel}","templated":true}]}}